{"id":37097,"date":"2019-05-27T20:36:58","date_gmt":"2019-05-28T00:36:58","guid":{"rendered":"https:\/\/linitiative.ca\/International\/systemes-penitentiaires-en-afrique-reflexions-pour-une-humanisation-des-prisons\/"},"modified":"2019-05-27T20:36:58","modified_gmt":"2019-05-28T00:36:58","slug":"systemes-penitentiaires-en-afrique-reflexions-pour-une-humanisation-des-prisons","status":"publish","type":"post","link":"https:\/\/linitiative.ca\/International\/systemes-penitentiaires-en-afrique-reflexions-pour-une-humanisation-des-prisons\/","title":{"rendered":"Syst\u00e8mes p\u00e9nitentiaires en Afrique : R\u00e9flexions pour une humanisation des prisons"},"content":{"rendered":"<div class=\"td-post-featured-image\" readability=\"35\"><a href=\"https:\/\/i2.wp.com\/www.sidwaya.info\/wp-content\/uploads\/2019\/05\/humanisation.jpg?fit=787%2C525&#038;ssl=1\" data-caption=\"Le ministre de la Justice, Ren\u00e9 Bagoro\u00a0: \u00ab\u00a0Nous esp\u00e9rons que le personnel GSP reprendra le service de sorte que le mouvement d\u2019humeur des avocats, n\u2019ait plus de raison d\u2019\u00eatre\u00a0\u00bb.\"><img loading=\"lazy\" decoding=\"async\" width=\"696\" height=\"464\" class=\"entry-thumb td-modal-image\" src=\"https:\/\/i2.wp.com\/www.sidwaya.info\/wp-content\/uploads\/2019\/05\/humanisation.jpg?resize=696%2C464&#038;ssl=1\" srcset=\"https:\/\/i2.wp.com\/www.sidwaya.info\/wp-content\/uploads\/2019\/05\/humanisation.jpg?w=787&#038;ssl=1 787w, https:\/\/i2.wp.com\/www.sidwaya.info\/wp-content\/uploads\/2019\/05\/humanisation.jpg?resize=300%2C200&#038;ssl=1 300w, https:\/\/i2.wp.com\/www.sidwaya.info\/wp-content\/uploads\/2019\/05\/humanisation.jpg?resize=768%2C512&#038;ssl=1 768w, https:\/\/i2.wp.com\/www.sidwaya.info\/wp-content\/uploads\/2019\/05\/humanisation.jpg?resize=696%2C464&#038;ssl=1 696w, https:\/\/i2.wp.com\/www.sidwaya.info\/wp-content\/uploads\/2019\/05\/humanisation.jpg?resize=630%2C420&#038;ssl=1 630w\" sizes=\"auto, (max-width: 696px) 100vw, 696px\" alt=\"\" title=\"humanisation\"\/><\/a>Le ministre de la Justice, Ren\u00e9 Bagoro\u00a0: \u00ab\u00a0Nous esp\u00e9rons que le personnel GSP reprendra le service de sorte que le mouvement d\u2019humeur des avocats, n\u2019ait plus de raison d\u2019\u00eatre\u00a0\u00bb.<\/div>\n<div class=\"td-a-rec td-a-rec-id-content_top td_uid_30_5ced386372ea6_rand td_block_template_1\"><img loading=\"lazy\" decoding=\"async\" class=\"aligncenter size-full wp-image-4463\" src=\"https:\/\/www.sidwaya.info\/wp-content\/uploads\/2019\/02\/FESPACO-TOUR-2019-Bannie%CC%80re-728x90-1.jpg\" alt=\"\" width=\"728\" height=\"90\"\/><\/div>\n<p><strong>Le ministre de la Justice, Garde des Sceaux, Bessol\u00e9 Ren\u00e9 Bagoro, a pr\u00e9sid\u00e9 la c\u00e9r\u00e9monie d\u2019ouverture de la 5e conf\u00e9rence biennale de l\u2019Association des services correctionnels d\u2019Afrique (en anglais ACSA), le lundi 27 mai 2019 \u00e0 Ouagadougou.\u2008Les travaux se d\u00e9roulent jusqu\u2019au 31 mai.<\/strong><\/p>\n<p>A l\u2019heure o\u00f9 la cha\u00eene p\u00e9nale burkinab\u00e8 \u00abn\u00e9gocie\u00bb une sortie de crise, Ouagadougou abrite, du lundi 27 au vendredi 31 mai 2019, la 5e conf\u00e9rence biennale de l\u2019Association des services correctionnels d\u2019Afrique (ACSA).<\/p>\n<p>Repr\u00e9sentant le pr\u00e9sident du Faso, Roch Marc Christian Kabor\u00e9, \u00e0 la c\u00e9r\u00e9monie d\u2019ouverture de l\u2019atelier, le ministre de la Justice, Garde des Sceaux, Ren\u00e9 Bagoro, a traduit tout l\u2019honneur du Burkina d\u2019\u00eatre le premier pays francophone \u00e0 organiser une telle rencontre. Plac\u00e9e sous le th\u00e8me\u00a0:\u00a0 \u00abApprofondir les r\u00e9formes dans les administrations p\u00e9nitentiaires\u00a0: un objectif important\u00bb, la conf\u00e9rence est le lieu d\u2019\u00e9changes entre acteurs \u00e9tatiques, intervenants p\u00e9nitentiaires, experts nationaux et internationaux ainsi que les acteurs de la soci\u00e9t\u00e9 civile int\u00e9ress\u00e9s par les questions de d\u00e9tention.<\/p>\n<p>Notant la pertinence du th\u00e8me, Ren\u00e9 Bagoro a relev\u00e9 la n\u00e9cessit\u00e9 pour les syst\u00e8mes p\u00e9nitentiaires d\u2019op\u00e9rer continuellement des r\u00e9formes pour s\u2019adapter aux nouveaux d\u00e9fis, notamment institutionnels, normatifs, s\u00e9curitaires ainsi que ceux li\u00e9s au respect des droits de la personne d\u00e9tenue. \u00abEn ce qui concerne le Burkina Faso, la Politique sectorielle justice et droits humains 2018-2027 se fixe pour, entre autres objectifs strat\u00e9giques, de contribuer \u00e0 assurer la s\u00e9curit\u00e9 publique tout en favorisant la r\u00e9insertion sociale des d\u00e9tenus aux fins de l\u2019humanisation des conditions de d\u00e9tention, le renforcement de la r\u00e9insertion sociale des d\u00e9tenus et l\u2019am\u00e9lioration de la gestion de l\u2019administration p\u00e9nitentiaire\u00bb, a laiss\u00e9 entendre le ministre de la Justice.<\/p>\n<p><img loading=\"lazy\" decoding=\"async\" class=\"size-medium wp-image-8582\" src=\"https:\/\/i2.wp.com\/www.sidwaya.info\/wp-content\/uploads\/2019\/05\/huma.jpg?resize=300%2C200&#038;ssl=1\" alt=\"\" width=\"300\" height=\"200\" srcset=\"https:\/\/i2.wp.com\/www.sidwaya.info\/wp-content\/uploads\/2019\/05\/huma.jpg?resize=300%2C200&#038;ssl=1 300w, https:\/\/i2.wp.com\/www.sidwaya.info\/wp-content\/uploads\/2019\/05\/huma.jpg?resize=768%2C512&#038;ssl=1 768w, https:\/\/i2.wp.com\/www.sidwaya.info\/wp-content\/uploads\/2019\/05\/huma.jpg?resize=696%2C464&#038;ssl=1 696w, https:\/\/i2.wp.com\/www.sidwaya.info\/wp-content\/uploads\/2019\/05\/huma.jpg?resize=630%2C420&#038;ssl=1 630w, https:\/\/i2.wp.com\/www.sidwaya.info\/wp-content\/uploads\/2019\/05\/huma.jpg?w=787&#038;ssl=1 787w\" sizes=\"auto, (max-width: 300px) 100vw, 300px\" data-recalc-dims=\"1\"\/>Durant cinq jours, les acteurs \u00e9tatiques, intervenants p\u00e9nitentiaires et experts nationaux<br \/>et internationaux discuteront des r\u00e9formes \u00e0 apporter aux syst\u00e8mes p\u00e9nitentiaires en Afrique.<\/p>\n<p>Ren\u00e9 Bagoro a, en outre, fait remarquer que la probl\u00e9matique li\u00e9e aux prisons est transversale et qu\u2019\u00e0 cet \u00e9gard, il convient de jeter un regard analytique sur tous les compartiments de la soci\u00e9t\u00e9. \u00abR\u00e9fl\u00e9chir \u00e0 la prison, c\u2019est voir du c\u00f4t\u00e9 de la sant\u00e9, de l\u2019alimentation, du logement, de l\u2019\u00e9ducation, de l\u2019emploi\u00bb, a-t-il dit.<\/p>\n<p>Le Garde des Sceaux a, par ailleurs, admis que la surpopulation carc\u00e9rale constitue un d\u00e9fi majeur des syst\u00e8mes p\u00e9nitenciers africains. A l\u2019entendre, le Burkina Faso fait des efforts pour \u00e9largir les capacit\u00e9s d\u2019accueil de ses centres de d\u00e9tention, avec actuellement 29 maisons d\u2019arr\u00eat et de correction et deux autres en chantier.\u00a0\u00abLe pays envisage \u00e9galement de d\u00e9velopper des peines alternatives pour que l\u2019emprisonnement ne soit pas syst\u00e9matique, ainsi que des activit\u00e9s d\u2019humanisation\u00bb, a soutenu le ministre pour qui l\u2019insuffisance des moyens emp\u00eache la r\u00e9solution des probl\u00e8mes d\u2019un trait.<\/p>\n<p>C\u2019est d\u2019ailleurs dans ce sens que les r\u00e9flexions de cette 5e conf\u00e9rence, notamment les \u00e9changes d\u2019exp\u00e9riences, seront tr\u00e8s utiles, selon lui, pour envisager des approches nouvelles. De l\u2019avis du directeur g\u00e9n\u00e9ral de l\u2019administration p\u00e9nitentiaire, Eloi Guigma, l\u2019objectif ultime de l\u2019ACSA est de promouvoir le r\u00f4le des prisons et des syst\u00e8mes correctionnels en Afrique pour apporter le plus d\u2019humanit\u00e9 possible aux lieux de d\u00e9tention et pr\u00e9server les droits des d\u00e9tenus.<\/p>\n<p>En somme, faire des prisons des lieux de socialisation et non de destruction des vies humaines. Le pr\u00e9sident de l\u2019ACSA, le Mozambicain J\u00e9r\u00e9mias Armando Cumbe et l\u2019officier principal de l\u2019association, Francis Omane Addo ont, chacun, lou\u00e9 l\u2019hospitalit\u00e9 et la capacit\u00e9 d\u2019organisation du Burkina Faso. Le pr\u00e9sident a rappel\u00e9 que l\u2019ACSA est une organisation inter gouvernementale de promotion des syst\u00e8mes p\u00e9nitentiaires \u00e0 travers des r\u00e9formes strat\u00e9giques, avec comme principal enjeu, l\u2019\u00e9rection de justices v\u00e9ritablement correctionnelles. L\u2019association des services correctionnels d\u2019Afrique a \u00e9t\u00e9 cr\u00e9\u00e9e en 2008 en Zambie et compte aujourd\u2019hui 30 membres. Le Burkina Faso y a adh\u00e9r\u00e9 en 2014.<\/p>\n<p class=\"c1\"><strong>Fab\u00e9 Mamadou OUATTARA<\/strong><\/p>\n<div class=\"td-a-rec td-a-rec-id-content_bottom td_uid_31_5ced386373061_rand td_block_template_1\"><img loading=\"lazy\" decoding=\"async\" class=\"alignright size-full wp-image-1724\" src=\"https:\/\/www.sidwaya.info\/wp-content\/uploads\/2018\/12\/sidwaya-pub.jpg\" alt=\"\" width=\"720\" height=\"90\"\/><\/div>\n<p>Auteur: JK. Sidwaya<br \/>\n<a href=\"https:\/\/www.sidwaya.info\/blog\/2019\/05\/28\/systemes-penitentiaires-en-afrique-reflexions-pour-une-humanisation-des-prisons\/\">Cliquez ici pour lire l&rsquo;article depuis sa source.<\/a><\/p>\n","protected":false},"excerpt":{"rendered":"<p>Le ministre de la Justice, Ren\u00e9 Bagoro\u00a0: \u00ab\u00a0Nous esp\u00e9rons que le personnel GSP reprendra le service de sorte que le mouvement d\u2019humeur des avocats, n\u2019ait plus de raison d\u2019\u00eatre\u00a0\u00bb. Le ministre de la Justice, Garde des Sceaux, Bessol\u00e9 Ren\u00e9 Bagoro, a pr\u00e9sid\u00e9 la c\u00e9r\u00e9monie d\u2019ouverture de la 5e conf\u00e9rence biennale de l\u2019Association des services correctionnels [&hellip;]<\/p>\n","protected":false},"author":1816,"featured_media":0,"comment_status":"closed","ping_status":"closed","sticky":false,"template":"","format":"standard","meta":{"fifu_image_url":"","fifu_image_alt":"","footnotes":""},"categories":[73,81],"tags":[],"class_list":["post-37097","post","type-post","status-publish","format-standard","hentry","category-actualite","category-burkina-faso"],"_links":{"self":[{"href":"https:\/\/linitiative.ca\/International\/wp-json\/wp\/v2\/posts\/37097","targetHints":{"allow":["GET"]}}],"collection":[{"href":"https:\/\/linitiative.ca\/International\/wp-json\/wp\/v2\/posts"}],"about":[{"href":"https:\/\/linitiative.ca\/International\/wp-json\/wp\/v2\/types\/post"}],"author":[{"embeddable":true,"href":"https:\/\/linitiative.ca\/International\/wp-json\/wp\/v2\/users\/1816"}],"replies":[{"embeddable":true,"href":"https:\/\/linitiative.ca\/International\/wp-json\/wp\/v2\/comments?post=37097"}],"version-history":[{"count":0,"href":"https:\/\/linitiative.ca\/International\/wp-json\/wp\/v2\/posts\/37097\/revisions"}],"wp:attachment":[{"href":"https:\/\/linitiative.ca\/International\/wp-json\/wp\/v2\/media?parent=37097"}],"wp:term":[{"taxonomy":"category","embeddable":true,"href":"https:\/\/linitiative.ca\/International\/wp-json\/wp\/v2\/categories?post=37097"},{"taxonomy":"post_tag","embeddable":true,"href":"https:\/\/linitiative.ca\/International\/wp-json\/wp\/v2\/tags?post=37097"}],"curies":[{"name":"wp","href":"https:\/\/api.w.org\/{rel}","templated":true}]}}