{"id":37104,"date":"2019-05-28T08:10:37","date_gmt":"2019-05-28T12:10:37","guid":{"rendered":"https:\/\/linitiative.ca\/International\/tunisie-decouverte-de-258-kg-de-resine-de-cannabis-sur-une-plage-a-sfax\/"},"modified":"2019-05-28T08:10:37","modified_gmt":"2019-05-28T12:10:37","slug":"tunisie-decouverte-de-258-kg-de-resine-de-cannabis-sur-une-plage-a-sfax","status":"publish","type":"post","link":"https:\/\/linitiative.ca\/International\/tunisie-decouverte-de-258-kg-de-resine-de-cannabis-sur-une-plage-a-sfax\/","title":{"rendered":"Tunisie: D\u00e9couverte de 25,8 kg de r\u00e9sine de cannabis sur une plage \u00e0 Sfax"},"content":{"rendered":"<div class=\"post-cont-in left relative\">\n<div class=\"swp_social_panel swp_horizontal_panel swp_flat_fresh swp_default_full_color swp_individual_full_color swp_other_full_color scale-100 scale-\" data-min-width=\"1100\" data-float-color=\"#ffffff\" data-float=\"none\" data-float-mobile=\"none\" data-transition=\"slide\">\n<div class=\"nc_tweetContainer swp_share_button total_shares total_sharesalt\"><span class=\"swp_count\">18 <span class=\"swp_label\">Partages<\/span><\/span><\/div>\n<\/div>\n<p>Une patrouille relevant du centre maritime au poste\u00a0de la d\u00e9l\u00e9gation de Mahres,\u00a0\u00e0\u00a0Sfax, a d\u00e9couvert lundi 27 mai 2019, alors qu\u2019elle menait une campagne de s\u00e9curit\u00e9 sur la plage El Chafar, 258 plaquettes de r\u00e9sine de cannabis rejet\u00e9e par la mer,<\/p>\n<p>Le minist\u00e8re de l\u2019Int\u00e9rieur a rapport\u00e9, mardi 28 mai 2019, que la quantit\u00e9 de la marchandise est estim\u00e9e \u00e0 25,8 kg. Le bureau du procureur g\u00e9n\u00e9ral a autoris\u00e9 la division de la recherche et de l\u2019inspection de la garde nationale \u00e0 confisquer les stup\u00e9fiants et \u00e0 engager une action en justice \u00e0 cette fin.<\/p>\n<div class=\"code-block code-block-1 c3\"><ins class=\"adsbygoogle c2\" data-ad-layout=\"in-article\" data-ad-format=\"fluid\" data-ad-client=\"ca-pub-2102118777505746\" data-ad-slot=\"7301775417\"\/> <\/div>\n<div class=\"mvp-org-wrap mvp-org-logo\" itemprop=\"publisher\" itemscope=\"\" itemtype=\"https:\/\/schema.org\/Organization\"><img decoding=\"async\" src=\"https:\/\/www.tunisienumerique.com\/wp-content\/uploads\/2017\/02\/logo_tunisie_numerique.png\"\/><\/div>\n<div class=\"swp_social_panel swp_horizontal_panel swp_flat_fresh swp_default_full_color swp_individual_full_color swp_other_full_color scale-100 scale-\" data-min-width=\"1100\" data-float-color=\"#ffffff\" data-float=\"none\" data-float-mobile=\"none\" data-transition=\"slide\">\n<div class=\"nc_tweetContainer swp_share_button total_shares total_sharesalt\"><span class=\"swp_count\">18 <span class=\"swp_label\">Partages<\/span><\/span><\/div>\n<\/div>\n<div class=\"mvp-related-posts left relative\">\n<h4 class=\"post-header\"><span class=\"post-header\">Lire aussi<\/span><\/h4>\n<\/div>\n<\/div>\n<p>Auteur: Mourad S<br \/>\n<a href=\"https:\/\/www.tunisienumerique.com\/tunisie-decouverte-de-258-kg-de-resine-de-cannabis-sur-une-plage-a-sfax\/\">Cliquez ici pour lire l&rsquo;article depuis sa source.<\/a><\/p>\n","protected":false},"excerpt":{"rendered":"<p>18 Partages Une patrouille relevant du centre maritime au poste\u00a0de la d\u00e9l\u00e9gation de Mahres,\u00a0\u00e0\u00a0Sfax, a d\u00e9couvert lundi 27 mai 2019, alors qu\u2019elle menait une campagne de s\u00e9curit\u00e9 sur la plage El Chafar, 258 plaquettes de r\u00e9sine de cannabis rejet\u00e9e par la mer, Le minist\u00e8re de l\u2019Int\u00e9rieur a rapport\u00e9, mardi 28 mai 2019, que la quantit\u00e9 [&hellip;]<\/p>\n","protected":false},"author":1789,"featured_media":37115,"comment_status":"closed","ping_status":"closed","sticky":false,"template":"","format":"standard","meta":{"fifu_image_url":"","fifu_image_alt":"","footnotes":""},"categories":[73,55],"tags":[],"class_list":["post-37104","post","type-post","status-publish","format-standard","has-post-thumbnail","hentry","category-actualite","category-tunisie"],"_links":{"self":[{"href":"https:\/\/linitiative.ca\/International\/wp-json\/wp\/v2\/posts\/37104","targetHints":{"allow":["GET"]}}],"collection":[{"href":"https:\/\/linitiative.ca\/International\/wp-json\/wp\/v2\/posts"}],"about":[{"href":"https:\/\/linitiative.ca\/International\/wp-json\/wp\/v2\/types\/post"}],"author":[{"embeddable":true,"href":"https:\/\/linitiative.ca\/International\/wp-json\/wp\/v2\/users\/1789"}],"replies":[{"embeddable":true,"href":"https:\/\/linitiative.ca\/International\/wp-json\/wp\/v2\/comments?post=37104"}],"version-history":[{"count":0,"href":"https:\/\/linitiative.ca\/International\/wp-json\/wp\/v2\/posts\/37104\/revisions"}],"wp:featuredmedia":[{"embeddable":true,"href":"https:\/\/linitiative.ca\/International\/wp-json\/"}],"wp:attachment":[{"href":"https:\/\/linitiative.ca\/International\/wp-json\/wp\/v2\/media?parent=37104"}],"wp:term":[{"taxonomy":"category","embeddable":true,"href":"https:\/\/linitiative.ca\/International\/wp-json\/wp\/v2\/categories?post=37104"},{"taxonomy":"post_tag","embeddable":true,"href":"https:\/\/linitiative.ca\/International\/wp-json\/wp\/v2\/tags?post=37104"}],"curies":[{"name":"wp","href":"https:\/\/api.w.org\/{rel}","templated":true}]}}