{"id":37105,"date":"2019-05-28T09:32:21","date_gmt":"2019-05-28T13:32:21","guid":{"rendered":"https:\/\/linitiative.ca\/International\/oran-librairie-alloula-un-nouvel-espace-culturel-pour-les-ferus-de-bonnes-feuilles\/"},"modified":"2019-05-28T09:32:21","modified_gmt":"2019-05-28T13:32:21","slug":"oran-librairie-alloula-un-nouvel-espace-culturel-pour-les-ferus-de-bonnes-feuilles","status":"publish","type":"post","link":"https:\/\/linitiative.ca\/International\/oran-librairie-alloula-un-nouvel-espace-culturel-pour-les-ferus-de-bonnes-feuilles\/","title":{"rendered":"Oran: librairie Alloula, un nouvel espace culturel pour les f\u00e9rus de bonnes feuilles"},"content":{"rendered":"<div>\n<div class=\"K2FeedImage\"><img decoding=\"async\" src=\"http:\/\/www.aps.dz\/media\/k2\/items\/cache\/c3393343fe67e318bc826913c9ac3a40_S.jpg\" alt=\"Oran: librairie Alloula, un nouvel espace culturel pour les f\u00e9rus de bonnes feuilles\"><\/div>\n<div class=\"K2FeedIntroText\">\n<p><strong>ORAN &#8211; L\u2019espace culturel d\u2019Oran vient d\u2019\u00eatre renforc\u00e9 par l\u2019ouverture d\u2019une nouvelle librairie que les propri\u00e9taires ont baptis\u00e9e du nom du d\u00e9funt dramaturge Abdelkader Alloula (1939-1994), avec plus de 6.000 titres dans diff\u00e9rents domaines scientifiques, culturels, litt\u00e9raires, th\u00e9ologiques et autres.<\/strong><\/p>\n<\/div>\n<div class=\"K2FeedFullText\">\n<p>Cette librairie, qui occupe un b\u00e2timent de trois \u00e9tages, sise au niveau du Boulevard de la Soummam, au centre-ville, c\u00f4toie de nombreux \u00e9tablissements \u00e9ducatifs et de formation, ainsi que des institutions bancaires, commerciales, touristiques et h\u00f4teli\u00e8res et non loin de la station du tramway de la place 1er novembre 1954. Ce qui fait d\u2019elle un endroit incontournable et appel\u00e9e \u00e0 devenir un p\u00f4le attractif pour les hommes de culture, artistes, universitaires, intellectuels de la wilaya et des r\u00e9gions limitrophes et d\u2019une mani\u00e8re g\u00e9n\u00e9rale pour les f\u00e9rus de lecture et de bonnes pages.<\/p>\n<p>Depuis son ouverture, au d\u00e9but du mois sacr\u00e9 du Ramadhan, la librairie connait une bonne affluence des amoureux de la lecture et des livres, qui ont trouv\u00e9 en cet espace de quoi \u00e9tancher leur soif en ouvrages dans diff\u00e9rents domaines.<\/p>\n<p>Le g\u00e9rant de la librairie, Benkerrour Badreddine, a indiqu\u00e9 que le projet d\u2019ouvrir une librairie en ces temps o\u00f9 ce genre de commerces ferment et o\u00f9 la lecture connait un grand recul est une v\u00e9ritable \u00ab\u00a0aventure\u00a0\u00bb, sauf que le propri\u00e9taire de cet \u00e9tablissement, Bouanane Abdelhak, a relev\u00e9 le d\u00e9fi et a concr\u00e9tis\u00e9 le projet afin de promouvoir et encourager la lecture. Il a ajout\u00e9 que l\u2019objectif derri\u00e8re l\u2019ouverture de cet espace culturel est de mettre \u00e0 la disposition du public des livres \u00e0 des prix raisonnables, notamment pour les \u00e9tudiants des \u00e9coles et des universit\u00e9s, ainsi que les chercheurs et les gens de culture, sachant que les livres propos\u00e9s par la librairie traitent de sujets diversifi\u00e9s et dans les diff\u00e9rents domaines.<\/p>\n<p>La librairie, qui s\u2019\u00e9tend sur une surface de 400 m\u00b2, propose des livres scientifiques, th\u00e9ologiques, politiques, sociologiques, culturels, litt\u00e9raires et artistiques, ainsi que des livres pour enfants, des dictionnaires et autres ouvrages de l\u2019art de la d\u00e9coration, du jardinage, de la cuisine, bandes dessin\u00e9es et des livres d\u2019apprentissage des langues \u00e9trang\u00e8res dont l\u2019Anglais, le Fran\u00e7ais, le Russe et le chinois.<\/p>\n<hr>\n<h3>Lire aussi:\u00a0<a href=\"http:\/\/www.aps.dz\/culture\/83924-blida-la-librairie-mauguin-rouvre-ses-portes-samedi-prochain-apres-10-ans-de-fermeture\" target=\"_blank\" rel=\"noopener noreferrer\">Blida : la librairie Mauguin rouvre ses portes samedi prochain apr\u00e8s 10 ans de fermeture<\/a><\/h3>\n<hr>\n<p>Dans les deux niveaux de la librairie, des milliers de livres r\u00e9cents ornent les \u00e9tag\u00e8res de cet espace culturel et scientifique, dans les diff\u00e9rents domaines comme l\u2019histoire, le droit, la physique et la chimie et autres sp\u00e9cialit\u00e9s et dont la plupart sont import\u00e9s de France et sont c\u00e9d\u00e9s \u00e0 des prix concurrentiels, ce qui rend la librairie une destination pr\u00e9f\u00e9r\u00e9e des \u00e9tudiants et des lecteurs.<\/p>\n<p>Le premier \u00e9tage de cet espace a \u00e9t\u00e9 r\u00e9serv\u00e9 aux ouvrages r\u00e9cents destin\u00e9s aux sp\u00e9cialistes et les professionnels de la m\u00e9decine, ainsi que des dictionnaires m\u00e9dicaux.<\/p>\n<p>Des photos en noir et blanc de savants, penseurs et \u00e9crivains alg\u00e9riens et \u00e9trangers ornent les murs du sous-sol de la librairie dont l\u2019Emir Abdelkader, Tahar Ouettar, Kateb Yacine, Mouloud Feraoun, Rachid Mimouni, Wassini Laredj, Albert Camus, Jean Senac, Franz Fanon, Amine Malouf<\/p>\n<p>Pour ses propri\u00e9taires, cet espace est plus qu\u2019un point de vente de livres. Des rencontres y seront organis\u00e9es pour les \u00e9crivains qui auront un espace pour parler de leurs \u0153uvres. Ce nouvel espace vient s\u2019ajouter aux quelques librairies se comptant sur les doigts d\u2019une main et dont les g\u00e9rants ne cessent de d\u00e9ployer de grands efforts pour cr\u00e9er une activit\u00e9 culturelle et intellectuelle en organisant des ventes-d\u00e9dicaces d\u2019ouvrages r\u00e9cents en pr\u00e9sence de leurs auteurs. Des \u00e9v\u00e9nements qui drainent \u00e0 chaque fois un public int\u00e9ress\u00e9, curieux et avide de d\u00e9bats, d\u2019\u00e9changes et de d\u00e9bats.<\/p>\n<\/div>\n<\/div>\n<p>Auteur:<br \/>\n<a href=\"http:\/\/www.aps.dz\/culture\/89943-oran-librairie-alloula-un-nouvel-espace-culturel-pour-les-ferus-de-bonnes-feuilles\">Cliquez ici pour lire l&rsquo;article depuis sa source.<\/a><\/p>\n","protected":false},"excerpt":{"rendered":"<p>ORAN &#8211; L\u2019espace culturel d\u2019Oran vient d\u2019\u00eatre renforc\u00e9 par l\u2019ouverture d\u2019une nouvelle librairie que les propri\u00e9taires ont baptis\u00e9e du nom du d\u00e9funt dramaturge Abdelkader Alloula (1939-1994), avec plus de 6.000 titres dans diff\u00e9rents domaines scientifiques, culturels, litt\u00e9raires, th\u00e9ologiques et autres. Cette librairie, qui occupe un b\u00e2timent de trois \u00e9tages, sise au niveau du Boulevard de [&hellip;]<\/p>\n","protected":false},"author":1790,"featured_media":37114,"comment_status":"closed","ping_status":"closed","sticky":false,"template":"","format":"standard","meta":{"fifu_image_url":"","fifu_image_alt":"","footnotes":""},"categories":[53,79],"tags":[],"class_list":["post-37105","post","type-post","status-publish","format-standard","has-post-thumbnail","hentry","category-algerie","category-culture"],"_links":{"self":[{"href":"https:\/\/linitiative.ca\/International\/wp-json\/wp\/v2\/posts\/37105","targetHints":{"allow":["GET"]}}],"collection":[{"href":"https:\/\/linitiative.ca\/International\/wp-json\/wp\/v2\/posts"}],"about":[{"href":"https:\/\/linitiative.ca\/International\/wp-json\/wp\/v2\/types\/post"}],"author":[{"embeddable":true,"href":"https:\/\/linitiative.ca\/International\/wp-json\/wp\/v2\/users\/1790"}],"replies":[{"embeddable":true,"href":"https:\/\/linitiative.ca\/International\/wp-json\/wp\/v2\/comments?post=37105"}],"version-history":[{"count":0,"href":"https:\/\/linitiative.ca\/International\/wp-json\/wp\/v2\/posts\/37105\/revisions"}],"wp:featuredmedia":[{"embeddable":true,"href":"https:\/\/linitiative.ca\/International\/wp-json\/"}],"wp:attachment":[{"href":"https:\/\/linitiative.ca\/International\/wp-json\/wp\/v2\/media?parent=37105"}],"wp:term":[{"taxonomy":"category","embeddable":true,"href":"https:\/\/linitiative.ca\/International\/wp-json\/wp\/v2\/categories?post=37105"},{"taxonomy":"post_tag","embeddable":true,"href":"https:\/\/linitiative.ca\/International\/wp-json\/wp\/v2\/tags?post=37105"}],"curies":[{"name":"wp","href":"https:\/\/api.w.org\/{rel}","templated":true}]}}