{"id":37109,"date":"2019-05-28T06:19:12","date_gmt":"2019-05-28T10:19:12","guid":{"rendered":"https:\/\/linitiative.ca\/International\/ac-milan-gennaro-gattuso-annonce-sa-demission\/"},"modified":"2019-05-28T06:19:12","modified_gmt":"2019-05-28T10:19:12","slug":"ac-milan-gennaro-gattuso-annonce-sa-demission","status":"publish","type":"post","link":"https:\/\/linitiative.ca\/International\/ac-milan-gennaro-gattuso-annonce-sa-demission\/","title":{"rendered":"AC Milan : Gennaro Gattuso annonce sa d\u00e9mission"},"content":{"rendered":"<p>Gennaro Gattuso n\u2019entra\u00eenera plus l\u2019<strong>AC Milan<\/strong> la saison prochaine. Sous contrat jusqu\u2019en juin 2021 (5,5 M\u20ac par an), il va annoncer officiellement son d\u00e9part ce mardi en raison de l\u2019aust\u00e9rit\u00e9 pr\u00e9vue par le club pour le mercato d\u2019\u00e9t\u00e9, a-t-il confirm\u00e9 dans un entretien \u00e0 la Repubblica.<\/p>\n<div class=\"c10\"\/>\n<p>Ancien milieu d\u00e9fensif embl\u00e9matique de l\u2019AC Milan, et de\u00a0la <em><span class=\"lang-it\" lang=\"it\">Squadra azzurra<\/span><\/em>, <strong>Gennaro Gattuso<\/strong>, 41 ans, avait \u00e9t\u00e9 accueilli avec scepticisme \u00e0 son arriv\u00e9e \u00e0 la t\u00eate de l\u2019\u00e9quipe en novembre 2017 compte tenu de sa courte et chaotique carri\u00e8re d\u2019entra\u00eeneur. Apr\u00e8s avoir rat\u00e9 la qualification du Milan pour la Ligue des Champions, il a d\u00e9cid\u00e9 de jeter l\u2019\u00e9ponge.<\/p>\n<p>\u00ab\u00a0D\u00e9cider de quitter le banc du Milan n\u2019est pas simple. Mais c\u2019est une d\u00e9cision que je dois prendre. C\u2019est un choix qui me d\u00e9chire, mais il est r\u00e9fl\u00e9chi. Je renonce \u00e0 mes deux derni\u00e8res ann\u00e9es de contrat oui, parce que mon histoire avec Milan ne sera jamais une question d\u2019argent\u00a0\u00bb, a-t-il l\u00e2ch\u00e9. L\u2019information n\u2019a pas encore \u00e9t\u00e9 officialis\u00e9e par les Rossoneri.<\/p>\n<p><a href=\"https:\/\/www.challenge.ma\/marrakech-ronaldo-se-rend-au-chantier-du-pestana-cr7-108820\/\" target=\"_blank\" rel=\"noopener noreferrer\">Marrakech : Ronaldo visite le chantier de son h\u00f4tel<\/a><\/p>\n<p>Gattuso dit avoir v\u00e9cu \u00ab dix-huit mois inoubliables \u00bb sur le banc du Milan, \u00ab un club pas comme les autres \u00bb dont il a d\u00e9fendu les couleurs pendant treize ans (1999-2013) durant sa carri\u00e8re de joueur et avec lequel il a notamment soulev\u00e9 deux fois la Ligue des champions (2003, 2007).<\/p>\n<p>A noter que le sort de Gattuso sera communiqu\u00e9 ce mardi par le club au m\u00eame moment que celui du directeur sportif.<\/p>\n<div class=\"c17\">\n<fieldset class=\"c16\">\n<legend><strong><span class=\"c11\">Challenge<\/span><span class=\"c12\">news<\/span><\/strong><\/legend>\n<div class=\"c15\">Le meilleur de la r\u00e9daction s\u00e9lectionn\u00e9 par Challenge :<\/p>\n<\/div>\n<\/fieldset>\n<\/div>\n<p>Auteur: Hajar DARI<br \/>\n<a href=\"https:\/\/www.challenge.ma\/ac-milan-gennaro-gattuso-annonce-sa-demission-109676\/\">Cliquez ici pour lire l&rsquo;article depuis sa source.<\/a><\/p>\n","protected":false},"excerpt":{"rendered":"<p>Gennaro Gattuso n\u2019entra\u00eenera plus l\u2019AC Milan la saison prochaine. Sous contrat jusqu\u2019en juin 2021 (5,5 M\u20ac par an), il va annoncer officiellement son d\u00e9part ce mardi en raison de l\u2019aust\u00e9rit\u00e9 pr\u00e9vue par le club pour le mercato d\u2019\u00e9t\u00e9, a-t-il confirm\u00e9 dans un entretien \u00e0 la Repubblica. Ancien milieu d\u00e9fensif embl\u00e9matique de l\u2019AC Milan, et de\u00a0la [&hellip;]<\/p>\n","protected":false},"author":1787,"featured_media":0,"comment_status":"closed","ping_status":"closed","sticky":false,"template":"","format":"standard","meta":{"fifu_image_url":"","fifu_image_alt":"","footnotes":""},"categories":[78,54],"tags":[],"class_list":["post-37109","post","type-post","status-publish","format-standard","hentry","category-economie","category-maroc"],"_links":{"self":[{"href":"https:\/\/linitiative.ca\/International\/wp-json\/wp\/v2\/posts\/37109","targetHints":{"allow":["GET"]}}],"collection":[{"href":"https:\/\/linitiative.ca\/International\/wp-json\/wp\/v2\/posts"}],"about":[{"href":"https:\/\/linitiative.ca\/International\/wp-json\/wp\/v2\/types\/post"}],"author":[{"embeddable":true,"href":"https:\/\/linitiative.ca\/International\/wp-json\/wp\/v2\/users\/1787"}],"replies":[{"embeddable":true,"href":"https:\/\/linitiative.ca\/International\/wp-json\/wp\/v2\/comments?post=37109"}],"version-history":[{"count":0,"href":"https:\/\/linitiative.ca\/International\/wp-json\/wp\/v2\/posts\/37109\/revisions"}],"wp:attachment":[{"href":"https:\/\/linitiative.ca\/International\/wp-json\/wp\/v2\/media?parent=37109"}],"wp:term":[{"taxonomy":"category","embeddable":true,"href":"https:\/\/linitiative.ca\/International\/wp-json\/wp\/v2\/categories?post=37109"},{"taxonomy":"post_tag","embeddable":true,"href":"https:\/\/linitiative.ca\/International\/wp-json\/wp\/v2\/tags?post=37109"}],"curies":[{"name":"wp","href":"https:\/\/api.w.org\/{rel}","templated":true}]}}