{"id":37116,"date":"2019-05-27T20:40:09","date_gmt":"2019-05-28T00:40:09","guid":{"rendered":"https:\/\/linitiative.ca\/International\/ramadan-les-musulmans-reaffirment-leur-attachement-a-la-cohesion-sociale\/"},"modified":"2019-05-27T20:40:09","modified_gmt":"2019-05-28T00:40:09","slug":"ramadan-les-musulmans-reaffirment-leur-attachement-a-la-cohesion-sociale","status":"publish","type":"post","link":"https:\/\/linitiative.ca\/International\/ramadan-les-musulmans-reaffirment-leur-attachement-a-la-cohesion-sociale\/","title":{"rendered":"Ramadan : Les musulmans r\u00e9affirment leur attachement \u00e0 la coh\u00e9sion sociale"},"content":{"rendered":"<div class=\"td-post-featured-image\" readability=\"34\"><a href=\"https:\/\/i2.wp.com\/www.sidwaya.info\/wp-content\/uploads\/2019\/05\/musummans.jpg?fit=676%2C480&#038;ssl=1\" data-caption=\"Cheick Aboubacar Yugo de la FAIB\u00a0: \u00abA c\u00f4t\u00e9 du je\u00fbne, nous avons le partage et l\u2019enseignement des valeurs de la coh\u00e9sion sociale de l\u2019islam\u00bb.\"><img loading=\"lazy\" decoding=\"async\" width=\"676\" height=\"480\" class=\"entry-thumb td-modal-image\" src=\"https:\/\/i2.wp.com\/www.sidwaya.info\/wp-content\/uploads\/2019\/05\/musummans.jpg?resize=676%2C480&#038;ssl=1\" srcset=\"https:\/\/i2.wp.com\/www.sidwaya.info\/wp-content\/uploads\/2019\/05\/musummans.jpg?w=676&#038;ssl=1 676w, https:\/\/i2.wp.com\/www.sidwaya.info\/wp-content\/uploads\/2019\/05\/musummans.jpg?resize=300%2C213&#038;ssl=1 300w, https:\/\/i2.wp.com\/www.sidwaya.info\/wp-content\/uploads\/2019\/05\/musummans.jpg?resize=100%2C70&#038;ssl=1 100w, https:\/\/i2.wp.com\/www.sidwaya.info\/wp-content\/uploads\/2019\/05\/musummans.jpg?resize=592%2C420&#038;ssl=1 592w\" sizes=\"auto, (max-width: 676px) 100vw, 676px\" alt=\"\" title=\"musummans\"\/><\/a>Cheick Aboubacar Yugo de la FAIB\u00a0: \u00abA c\u00f4t\u00e9 du je\u00fbne, nous avons le partage et l\u2019enseignement des valeurs de la coh\u00e9sion sociale de l\u2019islam\u00bb.<\/div>\n<div class=\"td-a-rec td-a-rec-id-content_top td_uid_30_5ced38699dddc_rand td_block_template_1\"><img loading=\"lazy\" decoding=\"async\" class=\"aligncenter size-full wp-image-4463\" src=\"https:\/\/www.sidwaya.info\/wp-content\/uploads\/2019\/02\/FESPACO-TOUR-2019-Bannie%CC%80re-728x90-1.jpg\" alt=\"\" width=\"728\" height=\"90\"\/><\/div>\n<p><strong>La F\u00e9d\u00e9ration des associations islamiques du Burkina (FAIB) a organis\u00e9 une rupture commune de je\u00fbne, le jeudi 23 mai 2019 \u00e0 Ouagadougou. Elle a \u00e9t\u00e9 une occasion pour les musulmans d\u2019appeler les Burkinab\u00e8 \u00e0 la coh\u00e9sion sociale et au mieux vivre-ensemble.<\/strong><\/p>\n<p>\u00abRamadan et coh\u00e9sion sociale\u00bb, c\u2019est sous ce th\u00e8me que la F\u00e9d\u00e9ration des associations islamiques du Burkina (FAIB) a plac\u00e9 sa rupture commune de je\u00fbne, le jeudi 23 mai 2019 \u00e0 Ouagadougou. En pr\u00e9sence, entre autres, du pr\u00e9sident de l\u2019Assembl\u00e9e nationale, du chef de file de l\u2019Opposition politique burkinab\u00e8, des autres confessions religieuses (catholiques et protestants) et des autorit\u00e9s coutumi\u00e8res, les fid\u00e8les musulmans ont appel\u00e9 tous les Burkinab\u00e8 \u00e0 s\u2019unir contre le terrorisme.<\/p>\n<p>Au nom du pr\u00e9sident de la FAIB, le Cheick Aboubacar Yugo a indiqu\u00e9 que les musulmans sont pein\u00e9s que l\u2019islam, religion de paix et de tol\u00e9rance, soit utilis\u00e9 comme alibi par des bandits sans foi ni loi. Il a ainsi rappel\u00e9 les valeurs essentielles du Ramadan\u00a0qui sont l\u2019effort, le partage, le don de soi, la sinc\u00e9rit\u00e9 et une spiritualit\u00e9 profonde. Le je\u00fbne et la pri\u00e8re, selon lui, doivent \u00eatre accompagn\u00e9s par la rencontre et le partage.<\/p>\n<p>Le Ramadan, a dit le Cheick Yugo, participe \u00e0 cultiver entre les hommes la confiance de mieux-\u00eatre avec Dieu et avec les autres. Il a ajout\u00e9 que c\u2019est en \u00e9tant mieux avec les autres qu\u2019on devient utile \u00e0 la soci\u00e9t\u00e9. \u00abC\u2019est le lieu pour nous d\u2019appeler les acteurs politiques et sociaux au dialogue en prenant en compte l\u2019int\u00e9r\u00eat sup\u00e9rieur de la nation\u00bb, a d\u00e9clar\u00e9 le chef religieux.<\/p>\n<p>Il a fait savoir que la FAIB est solidaire de toutes les causes \u00e9quitables et se rangera toujours aux c\u00f4t\u00e9s du juste et du vrai. Il a donc invit\u00e9 toutes les communaut\u00e9s religieuses et coutumi\u00e8res \u00e0 prier pour que le pays des Hommes int\u00e8gres retrouve sa paix et sa coh\u00e9sion sociale d\u2019antan.<\/p>\n<p>Le pr\u00e9sident de l\u2019Assembl\u00e9e nationale, Alassane Bala Sakand\u00e9, le chef de file de l\u2019Opposition politique, Z\u00e9phirin Diabr\u00e9 et les communaut\u00e9s coutumi\u00e8res et religieuses au Burkina Faso ont \u00e9t\u00e9 tous unanimes que les terroristes cherchent \u00e0 diviser les Burkinab\u00e8 \u00e0 travers l\u2019ethnie et la religion. M. Diabr\u00e9 a salu\u00e9 l\u2019initiative de la FAIB.<\/p>\n<p>\u00abNous sommes interpell\u00e9s \u00e0 faire en sorte que ces genres de communion se renforcent pour que nous restions soud\u00e9s et unis\u00bb, a-t-il soulign\u00e9.<br \/>Alassane Sakand\u00e9 a affrim\u00e9 que sa pr\u00e9sence t\u00e9moigne de l\u2019engagement de l\u2019Assembl\u00e9e nationale \u00e0 mettre le Burkina Faso sur le chemin de la coh\u00e9sion et de la paix sociales.<\/p>\n<p class=\"c1\"><strong>Lassina BADOLO<\/strong><\/p>\n<div class=\"td-a-rec td-a-rec-id-content_bottom td_uid_31_5ced38699df95_rand td_block_template_1\"><img loading=\"lazy\" decoding=\"async\" class=\"alignright size-full wp-image-1724\" src=\"https:\/\/www.sidwaya.info\/wp-content\/uploads\/2018\/12\/sidwaya-pub.jpg\" alt=\"\" width=\"720\" height=\"90\"\/><\/div>\n<p>Auteur: JK. Sidwaya<br \/>\n<a href=\"https:\/\/www.sidwaya.info\/blog\/2019\/05\/28\/ramadan-les-musulmans-reaffirment-leur-attachement-a-la-cohesion-sociale\/\">Cliquez ici pour lire l&rsquo;article depuis sa source.<\/a><\/p>\n","protected":false},"excerpt":{"rendered":"<p>Cheick Aboubacar Yugo de la FAIB\u00a0: \u00abA c\u00f4t\u00e9 du je\u00fbne, nous avons le partage et l\u2019enseignement des valeurs de la coh\u00e9sion sociale de l\u2019islam\u00bb. La F\u00e9d\u00e9ration des associations islamiques du Burkina (FAIB) a organis\u00e9 une rupture commune de je\u00fbne, le jeudi 23 mai 2019 \u00e0 Ouagadougou. Elle a \u00e9t\u00e9 une occasion pour les musulmans d\u2019appeler [&hellip;]<\/p>\n","protected":false},"author":1816,"featured_media":0,"comment_status":"closed","ping_status":"closed","sticky":false,"template":"","format":"standard","meta":{"fifu_image_url":"","fifu_image_alt":"","footnotes":""},"categories":[73,81],"tags":[],"class_list":["post-37116","post","type-post","status-publish","format-standard","hentry","category-actualite","category-burkina-faso"],"_links":{"self":[{"href":"https:\/\/linitiative.ca\/International\/wp-json\/wp\/v2\/posts\/37116","targetHints":{"allow":["GET"]}}],"collection":[{"href":"https:\/\/linitiative.ca\/International\/wp-json\/wp\/v2\/posts"}],"about":[{"href":"https:\/\/linitiative.ca\/International\/wp-json\/wp\/v2\/types\/post"}],"author":[{"embeddable":true,"href":"https:\/\/linitiative.ca\/International\/wp-json\/wp\/v2\/users\/1816"}],"replies":[{"embeddable":true,"href":"https:\/\/linitiative.ca\/International\/wp-json\/wp\/v2\/comments?post=37116"}],"version-history":[{"count":0,"href":"https:\/\/linitiative.ca\/International\/wp-json\/wp\/v2\/posts\/37116\/revisions"}],"wp:attachment":[{"href":"https:\/\/linitiative.ca\/International\/wp-json\/wp\/v2\/media?parent=37116"}],"wp:term":[{"taxonomy":"category","embeddable":true,"href":"https:\/\/linitiative.ca\/International\/wp-json\/wp\/v2\/categories?post=37116"},{"taxonomy":"post_tag","embeddable":true,"href":"https:\/\/linitiative.ca\/International\/wp-json\/wp\/v2\/tags?post=37116"}],"curies":[{"name":"wp","href":"https:\/\/api.w.org\/{rel}","templated":true}]}}