{"id":37123,"date":"2019-05-28T08:14:04","date_gmt":"2019-05-28T12:14:04","guid":{"rendered":"https:\/\/linitiative.ca\/International\/el-jadida-30-ans-de-reclusion-criminelle-pour-avoir-tue-lamant-de-sa-soeur\/"},"modified":"2019-05-28T08:14:04","modified_gmt":"2019-05-28T12:14:04","slug":"el-jadida-30-ans-de-reclusion-criminelle-pour-avoir-tue-lamant-de-sa-soeur","status":"publish","type":"post","link":"https:\/\/linitiative.ca\/International\/el-jadida-30-ans-de-reclusion-criminelle-pour-avoir-tue-lamant-de-sa-soeur\/","title":{"rendered":"El Jadida : 30 ans de r\u00e9clusion criminelle pour avoir tu\u00e9 l\u2019amant de sa s\u0153ur"},"content":{"rendered":"<header>\n<\/header>\n<div class=\"entry-content clearfix\" readability=\"59\"><img decoding=\"async\" class=\"post_layout_5_img\" src=\"http:\/\/aujourdhui.ma\/wp-content\/uploads\/2017\/07\/couteau-crime-tueur.jpg?x29840\" alt=\"El Jadida : 30 ans de r\u00e9clusion criminelle pour avoir tu\u00e9 l\u2019amant de sa s\u0153ur\"\/><\/p>\n<p class=\"p1\"><span class=\"s1 c4\"><strong>Il se so\u00fble avec de l\u2019eau-de-vie avant de saisir une barre en fer et se dirige vers le lieu o\u00f9 se trouve habituellement l\u2019amant de sa s\u0153ur. Sans crier gare, il le roue de coups.<\/strong><\/span><span id=\"more-312048\"\/><\/p>\n<p class=\"p1\"><span class=\"s1\">Nous sommes \u00e0 la chambre criminelle pr\u00e8s la Cour d\u2019appel d\u2019El Jadida. Au box des accus\u00e9s se tient, ce mardi 21 mai, un jeune homme. Regrettant visiblement son acte, il avoue sans d\u00e9tour avoir mis fin \u00e0 la vie de son voisin qui demeure dans sa r\u00e9gion Boulaouane relevant de la province d\u2019El Jadida tout en insistant sur le fait qu\u2019il voulait seulement le \u00abcorriger\u00bb.<\/span><\/p>\n<p class=\"p1\"><span class=\"s1\">L\u2019affaire remonte au mois d\u2019octobre de l\u2019ann\u00e9e derni\u00e8re quand le cadavre d\u2019un jeune homme a \u00e9t\u00e9 d\u00e9couvert dans une fosse portant des traces de violence. Le cadavre qui n\u2019a pas subi de d\u00e9composition a \u00e9t\u00e9 \u00e9vacu\u00e9 vers la morgue pour \u00eatre autopsi\u00e9. L\u2019enqu\u00eate a \u00e9t\u00e9 diligent\u00e9e par les \u00e9l\u00e9ments de la gendarmerie royale qui ont effectu\u00e9 le constat d\u2019usage et identifi\u00e9 la victime avant d\u2019entamer les investigations n\u00e9cessaires pour tirer l\u2019affaire au clair.<\/span><\/p>\n<p class=\"p1\"><span class=\"s1\">Coup de tonnerre, le lendemain matin, un jeune homme se pr\u00e9sente devant les gendarmes pour leur avouer qu\u2019il est l\u2019auteur du crime. Il s\u2019agit d\u2019un menuisier qui a quitt\u00e9 t\u00f4t les bancs de l\u2019\u00e9cole pour aller chercher de quoi gagner sa vie \u00e0 Casablanca. Malheureusement, il y a pass\u00e9 la majorit\u00e9 du temps \u00e0 se d\u00e9brouiller avant de d\u00e9cider de retourner chez lui. Une fois l\u00e0-bas il apprend qu\u2019un jeune de sa r\u00e9gion entretient une relation amoureuse avec sa s\u0153ur divorc\u00e9e. Pour sauver l\u2019honneur de la famille, il se so\u00fble avec de l\u2019eau-de-vie avant de saisir une barre en fer et se dirige vers le lieu o\u00f9 se trouve habituellement l\u2019amant de sa s\u0153ur. Sans crier gare, il le roue de coups au point que le jeune amant en perd la vie.<\/span><\/p>\n<p class=\"p1\"><span class=\"s1\"><strong>Verdict :<\/strong> 30 ans de r\u00e9clusion criminelle.<\/span><\/p>\n<\/div>\n<p>Auteur: Abderrafii ALOUMLIKI<br \/>\n<a href=\"http:\/\/aujourdhui.ma\/faits-divers\/el-jadida-30-ans-de-reclusion-criminelle-pour-avoir-tue-lamant-de-sa-soeur\">Cliquez ici pour lire l&rsquo;article depuis sa source.<\/a><\/p>\n","protected":false},"excerpt":{"rendered":"<p>Il se so\u00fble avec de l\u2019eau-de-vie avant de saisir une barre en fer et se dirige vers le lieu o\u00f9 se trouve habituellement l\u2019amant de sa s\u0153ur. Sans crier gare, il le roue de coups. Nous sommes \u00e0 la chambre criminelle pr\u00e8s la Cour d\u2019appel d\u2019El Jadida. Au box des accus\u00e9s se tient, ce mardi [&hellip;]<\/p>\n","protected":false},"author":1759,"featured_media":0,"comment_status":"closed","ping_status":"closed","sticky":false,"template":"","format":"standard","meta":{"fifu_image_url":"","fifu_image_alt":"","footnotes":""},"categories":[73,54],"tags":[],"class_list":["post-37123","post","type-post","status-publish","format-standard","hentry","category-actualite","category-maroc"],"_links":{"self":[{"href":"https:\/\/linitiative.ca\/International\/wp-json\/wp\/v2\/posts\/37123","targetHints":{"allow":["GET"]}}],"collection":[{"href":"https:\/\/linitiative.ca\/International\/wp-json\/wp\/v2\/posts"}],"about":[{"href":"https:\/\/linitiative.ca\/International\/wp-json\/wp\/v2\/types\/post"}],"author":[{"embeddable":true,"href":"https:\/\/linitiative.ca\/International\/wp-json\/wp\/v2\/users\/1759"}],"replies":[{"embeddable":true,"href":"https:\/\/linitiative.ca\/International\/wp-json\/wp\/v2\/comments?post=37123"}],"version-history":[{"count":0,"href":"https:\/\/linitiative.ca\/International\/wp-json\/wp\/v2\/posts\/37123\/revisions"}],"wp:attachment":[{"href":"https:\/\/linitiative.ca\/International\/wp-json\/wp\/v2\/media?parent=37123"}],"wp:term":[{"taxonomy":"category","embeddable":true,"href":"https:\/\/linitiative.ca\/International\/wp-json\/wp\/v2\/categories?post=37123"},{"taxonomy":"post_tag","embeddable":true,"href":"https:\/\/linitiative.ca\/International\/wp-json\/wp\/v2\/tags?post=37123"}],"curies":[{"name":"wp","href":"https:\/\/api.w.org\/{rel}","templated":true}]}}