{"id":37127,"date":"2019-05-28T09:32:31","date_gmt":"2019-05-28T13:32:31","guid":{"rendered":"https:\/\/linitiative.ca\/International\/ligue-1-2-mellal-replique-arama-est-un-menteur\/"},"modified":"2019-05-28T09:32:31","modified_gmt":"2019-05-28T13:32:31","slug":"ligue-1-2-mellal-replique-arama-est-un-menteur","status":"publish","type":"post","link":"https:\/\/linitiative.ca\/International\/ligue-1-2-mellal-replique-arama-est-un-menteur\/","title":{"rendered":"Ligue 1 &#038; 2 : Mellal r\u00e9plique : \u00abArama est un menteur ! \u00bb"},"content":{"rendered":"<div readability=\"32\">\n<p>Auteur : <span>Sa\u00efd Djoudi<\/span> <span class=\"time\">mardi 28 mai 2019 13:33<\/span><\/p>\n<\/div>\n<div id=\"post_core\" readability=\"67\">\n<p>A la fin du match JSK-CABBA, le pr\u00e9sident Mellal a anim\u00e9 un point de presse durant lequel il a accus\u00e9 les dirigeants du CSC de lui avoir exig\u00e9 un montant de 2,5 milliards pour battre l\u2019USMA avant de confirmer qu\u2019il a effectivement accept\u00e9 de donner 20 millions pour chaque Constantinois en cas de victoire. Le lendemain matin, \u00e0 la premi\u00e8re heure, Tarek Arama a r\u00e9agi aux accusations de Mellal. Il a d\u00e9clar\u00e9 dans une interview accord\u00e9e \u00e0 El Heddaf qu\u2019il n\u2019a aucunement parl\u00e9 avec le pr\u00e9sident kabyle. Au contraire, il insistait \u00e0 dire qu\u2019il ne voulait m\u00eame pas r\u00e9pondre \u00e0 son message. Et pour connaitre la version de Mellal, nous l\u2019avons contact\u00e9 en fin d\u2019apr\u00e8s-midi. Le patron du club kabyle n\u2019y est pas all\u00e9 avec le dos de la cuill\u00e8re : \u00ab Tout ce qu\u2019Amara a dit est faux. C\u2019est un menteur. Certes, je l\u2019ai appel\u00e9 mais il ne m\u2019a pas r\u00e9pondu. Par la suite, il m\u2019a rappel\u00e9 avec un autre num\u00e9ro et nous avons discut\u00e9. Mais le but de mon appel n\u2019\u00e9tait pas de combiner le match sur le dos de l\u2019USMA. C\u2019est faux ! \u00bb.<br \/><strong>\u00abJe l\u2019ai appel\u00e9 pour lui demander de respecter l\u2019\u00e9thique sportive seulement\u00bb<\/strong><br \/>Toujours dans le m\u00eame contexte, Mellal, qui reconnait avoir envoy\u00e9 deux messages \u00e0 Arama, estime qu\u2019il l\u2019a fait juste pour lui demander de respecter l\u2019\u00e9thique sportive : \u00ab Oui, j\u2019ai envoy\u00e9 deux messages \u00e0 Arama car je voulais lui parler afin de lui demander de respecter l\u2019\u00e9thique sportive. Il m\u2019a rappel\u00e9 d\u2019un autre num\u00e9ro et nous avons parl\u00e9 avant de me passer une autre personne de la direction. Cette derni\u00e8re m\u2019a clairement demand\u00e9 de payer 2,5 milliards pour que le CSC batte l\u2019USMA \u00bb.<br \/><strong>\u00abJ\u2019avais promis 20 millions aux joueurs mais nous n\u2019avons pas gagn\u00e9\u00bb<\/strong><br \/>Dans son intervention, Tarek Arama a parl\u00e9 des 20 millions que Mellal a propos\u00e9s \u00e0 ses joueurs afin de battre l\u2019USMA avant d\u2019ajouter que le pr\u00e9sident kabyle devait le faire avec ses joueurs pour gagner contre le CSC. Une d\u00e9claration qui a pouss\u00e9 Mellal \u00e0 r\u00e9agir encore : \u00ab Au d\u00e9but, j\u2019\u00e9tais contre l\u2019id\u00e9e de motiver les joueurs du CSC avec une prime de 20 millions. Par la suite, j\u2019ai fini par accepter du moment que ce n\u2019est pas de la corruption. Et pour r\u00e9pondre \u00e0 Arama, j\u2019ai propos\u00e9 le m\u00eame montant \u00e0 mes joueurs pour battre le CSC mais malheureusement, nous avons perdu. \u00bb<br \/><strong>\u00abOn a parl\u00e9 au t\u00e9l\u00e9phone et c\u2019est lui qui a parl\u00e9 de motivation\u00bb<\/strong><br \/>D\u2019apr\u00e8s Mellal, et contrairement \u00e0 ce que Arama a avanc\u00e9, une discussion t\u00e9l\u00e9phonique a bel et bien eu lieu entre les deux pr\u00e9sidents : \u00ab Arama a menti, il n\u2019a pas dit toute la v\u00e9rit\u00e9. Nous avons parl\u00e9 au t\u00e9l\u00e9phone et c\u2019est lui qui \u00e9tait le premier \u00e0 parler de motivation financi\u00e8re. Par la suite, un autre membre de la direction a parl\u00e9 avec l\u2019un des n\u00f4tres pour lui dire que le CSC exige 2,5 milliards afin de battre l\u2019USMA \u00bb.<br \/><strong>\u00abNous allons faire notre possible pour r\u00e9cup\u00e9rer l\u2019appel t\u00e9l\u00e9phonique et le d\u00e9noncer\u00bb<\/strong><br \/>Et pour prouver qu\u2019une discussion t\u00e9l\u00e9phonique a eu lieu entre lui et Arama, Mellal a d\u00e9clar\u00e9 qu\u2019il va faire\u00a0\u00a0 son possible pour r\u00e9cup\u00e9rer l\u2019appel : \u00ab Nous avons parl\u00e9 au t\u00e9l\u00e9phone et je ne lui ai jamais dit autre chose que de respecter l\u2019\u00e9thique sportive. Il \u00e9tait le premier \u00e0 parler d\u2019une motivation financi\u00e8re. Je vais faire de mon mieux pour r\u00e9cup\u00e9rer l\u2019appel t\u00e9l\u00e9phonique et le d\u00e9noncer \u00bb.<br \/><strong>\u00abQuand je suis all\u00e9 en Tunisie, la JSK ne jouait pas le titre\u00bb<\/strong><br \/>D\u2019apr\u00e8s Arama, le pr\u00e9sident Mellal avait une id\u00e9e derri\u00e8re la t\u00eate lorsqu\u2019il a accompagn\u00e9 le CSC en Tunisie. Lorsque nous lui avons pos\u00e9 la question, Mellal dira : \u00ab C\u2019est faux, je l\u2019ai fait pour l\u2019Alg\u00e9rie. Que Arama sache que quand je suis all\u00e9 en Tunisie, la JSK ne jouait pas le titre \u00bb.<br \/><strong>\u00abLes supporters et le CSC resteront nos fr\u00e8res pour toujours\u00bb<\/strong><br \/>Avant de conclure, Mellal s\u2019est adress\u00e9 aux supporters du CSC\u00a0 : \u00ab Les supporters constantinois et le CSC resteront nos fr\u00e8res pour toujours. On sait qu\u2019ils \u00e9taient contre ce qui s\u2019est pass\u00e9. C\u2019est un grand club qui m\u00e9rite de grands dirigeants. Je les remercie du fond du c\u0153ur \u00bb.<br \/>\u00a0<\/p>\n<p><strong>Publi\u00e9 dans :<\/strong> <span>USMA<\/span> <span>csc<\/span> <span>Mellal<\/span> <span>arama<\/span> <span>jJSK<\/span><\/p>\n<\/div>\n<p>Auteur:<br \/>\n<a href=\"http:\/\/www.lebuteur.com\/article\/detail?titre=mellal-replique-arama-est-un-menteur&#038;id=89154&#038;utm_source=feedburner&#038;utm_medium=feed&#038;utm_campaign=Feed%3A+GalerieFArtciles+%28Les+derniers+articles++-+lebuteur.com%29\">Cliquez ici pour lire l&rsquo;article depuis sa source.<\/a><\/p>\n","protected":false},"excerpt":{"rendered":"<p>Auteur : Sa\u00efd Djoudi mardi 28 mai 2019 13:33 A la fin du match JSK-CABBA, le pr\u00e9sident Mellal a anim\u00e9 un point de presse durant lequel il a accus\u00e9 les dirigeants du CSC de lui avoir exig\u00e9 un montant de 2,5 milliards pour battre l\u2019USMA avant de confirmer qu\u2019il a effectivement accept\u00e9 de donner 20 [&hellip;]<\/p>\n","protected":false},"author":1738,"featured_media":37134,"comment_status":"closed","ping_status":"closed","sticky":false,"template":"","format":"standard","meta":{"fifu_image_url":"","fifu_image_alt":"","footnotes":""},"categories":[53,75],"tags":[],"class_list":["post-37127","post","type-post","status-publish","format-standard","has-post-thumbnail","hentry","category-algerie","category-sport"],"_links":{"self":[{"href":"https:\/\/linitiative.ca\/International\/wp-json\/wp\/v2\/posts\/37127","targetHints":{"allow":["GET"]}}],"collection":[{"href":"https:\/\/linitiative.ca\/International\/wp-json\/wp\/v2\/posts"}],"about":[{"href":"https:\/\/linitiative.ca\/International\/wp-json\/wp\/v2\/types\/post"}],"author":[{"embeddable":true,"href":"https:\/\/linitiative.ca\/International\/wp-json\/wp\/v2\/users\/1738"}],"replies":[{"embeddable":true,"href":"https:\/\/linitiative.ca\/International\/wp-json\/wp\/v2\/comments?post=37127"}],"version-history":[{"count":0,"href":"https:\/\/linitiative.ca\/International\/wp-json\/wp\/v2\/posts\/37127\/revisions"}],"wp:featuredmedia":[{"embeddable":true,"href":"https:\/\/linitiative.ca\/International\/wp-json\/"}],"wp:attachment":[{"href":"https:\/\/linitiative.ca\/International\/wp-json\/wp\/v2\/media?parent=37127"}],"wp:term":[{"taxonomy":"category","embeddable":true,"href":"https:\/\/linitiative.ca\/International\/wp-json\/wp\/v2\/categories?post=37127"},{"taxonomy":"post_tag","embeddable":true,"href":"https:\/\/linitiative.ca\/International\/wp-json\/wp\/v2\/tags?post=37127"}],"curies":[{"name":"wp","href":"https:\/\/api.w.org\/{rel}","templated":true}]}}