{"id":37128,"date":"2019-05-28T06:29:00","date_gmt":"2019-05-28T10:29:00","guid":{"rendered":"https:\/\/linitiative.ca\/International\/kameleddine-fekhar-est-decede\/"},"modified":"2019-05-28T06:29:00","modified_gmt":"2019-05-28T10:29:00","slug":"kameleddine-fekhar-est-decede","status":"publish","type":"post","link":"https:\/\/linitiative.ca\/International\/kameleddine-fekhar-est-decede\/","title":{"rendered":"Kameleddine Fekhar est d\u00e9c\u00e9d\u00e9"},"content":{"rendered":"<div id=\"originalText\" readability=\"63\">\n<p>Le docteur Kameleddine Fekhar, l\u2019embl\u00e9matique figure mozabite de Gharda\u00efa, est d\u00e9c\u00e9d\u00e9 ce mardi matin, \u00e0 l\u2019h\u00f4pital Franz Fanon de Blida, o\u00f9 il a \u00e9t\u00e9 transf\u00e9r\u00e9 en urgence, selon son avocat Me Salah Dabouz.<\/p>\n<p>Incarc\u00e9r\u00e9 depuis presque deux mois \u00e0 la prison de Gharda\u00efa, Kameleddine Fekhar a \u00e9t\u00e9 admis \u00e0 l\u2019h\u00f4pital de la m\u00eame ville le 16 du mois en cours, suite \u00e0 un malaise, avant d\u2019\u00eatre transf\u00e9r\u00e9 en salle de r\u00e9animation de la m\u00eame structure sanitaire, hier lundi. Ce n\u2019est que ce matin qu\u2019il a \u00e9t\u00e9 transf\u00e9r\u00e9 \u00e0 l\u2019h\u00f4pital Franz Fanon de Blida.<\/p>\n<p>Me Salah Dabouz avait alert\u00e9, hier, dans la journ\u00e9e, sur la d\u00e9gradation de l\u2019\u00e9tat de sant\u00e9 de son client. \u00abKameleddine Fekhar est en danger de mort\u00bb, avait-il indiqu\u00e9 sur son compte facebook.<\/p>\n<p>En gr\u00e8ve de la faim depuis les premiers jours de son incarc\u00e9ration, \u00a0le militant des droits de l\u2019homme et ancien \u00e9lu du FFS, \u00e9tait poursuivi pour notamment \u00abatteinte \u00e0 la s\u00fbret\u00e9 de l\u2019Etat\u00bb, \u00abtroubles \u00e0 l\u2019ordre public\u00bb et \u00abincitation \u00e0 la haine et \u00e0 la violence\u00bb.<\/p>\n<p class=\"c10\"><strong>R\u00e9daction Web<\/strong><\/p>\n<\/div>\n<div id=\"text_core\" readability=\"63\">\n<p>Le docteur Kameleddine Fekhar, l\u2019embl\u00e9matique figure mozabite de Gharda\u00efa, est d\u00e9c\u00e9d\u00e9 ce mardi matin, \u00e0 l\u2019h\u00f4pital Franz Fanon de Blida, o\u00f9 il a \u00e9t\u00e9 transf\u00e9r\u00e9 en urgence, selon son avocat Me Salah Dabouz.<\/p>\n<p>Incarc\u00e9r\u00e9 depuis presque deux mois \u00e0 la prison de Gharda\u00efa, Kameleddine Fekhar a \u00e9t\u00e9 admis \u00e0 l\u2019h\u00f4pital de la m\u00eame ville le 16 du mois en cours, suite \u00e0 un malaise, avant d\u2019\u00eatre transf\u00e9r\u00e9 en salle de r\u00e9animation de la m\u00eame structure sanitaire, hier lundi. Ce n\u2019est que ce matin qu\u2019il a \u00e9t\u00e9 transf\u00e9r\u00e9 \u00e0 l\u2019h\u00f4pital Franz Fanon de Blida.<\/p>\n<p>Me Salah Dabouz avait alert\u00e9, hier, dans la journ\u00e9e, sur la d\u00e9gradation de l\u2019\u00e9tat de sant\u00e9 de son client. \u00abKameleddine Fekhar est en danger de mort\u00bb, avait-il indiqu\u00e9 sur son compte facebook.<\/p>\n<p>En gr\u00e8ve de la faim depuis les premiers jours de son incarc\u00e9ration, \u00a0le militant des droits de l\u2019homme et ancien \u00e9lu du FFS, \u00e9tait poursuivi pour notamment \u00abatteinte \u00e0 la s\u00fbret\u00e9 de l\u2019Etat\u00bb, \u00abtroubles \u00e0 l\u2019ordre public\u00bb et \u00abincitation \u00e0 la haine et \u00e0 la violence\u00bb.<\/p>\n<p class=\"c10\"><strong>R\u00e9daction Web<\/strong><\/p>\n<\/div>\n<p>Auteur:<br \/>\n<a href=\"https:\/\/www.liberte-algerie.com\/actualite\/kameleddine-fekhar-est-decede-316807\">Cliquez ici pour lire l&rsquo;article depuis sa source.<\/a><\/p>\n","protected":false},"excerpt":{"rendered":"<p>Le docteur Kameleddine Fekhar, l\u2019embl\u00e9matique figure mozabite de Gharda\u00efa, est d\u00e9c\u00e9d\u00e9 ce mardi matin, \u00e0 l\u2019h\u00f4pital Franz Fanon de Blida, o\u00f9 il a \u00e9t\u00e9 transf\u00e9r\u00e9 en urgence, selon son avocat Me Salah Dabouz. Incarc\u00e9r\u00e9 depuis presque deux mois \u00e0 la prison de Gharda\u00efa, Kameleddine Fekhar a \u00e9t\u00e9 admis \u00e0 l\u2019h\u00f4pital de la m\u00eame ville le [&hellip;]<\/p>\n","protected":false},"author":1742,"featured_media":0,"comment_status":"closed","ping_status":"closed","sticky":false,"template":"","format":"standard","meta":{"fifu_image_url":"","fifu_image_alt":"","footnotes":""},"categories":[73,53],"tags":[],"class_list":["post-37128","post","type-post","status-publish","format-standard","hentry","category-actualite","category-algerie"],"_links":{"self":[{"href":"https:\/\/linitiative.ca\/International\/wp-json\/wp\/v2\/posts\/37128","targetHints":{"allow":["GET"]}}],"collection":[{"href":"https:\/\/linitiative.ca\/International\/wp-json\/wp\/v2\/posts"}],"about":[{"href":"https:\/\/linitiative.ca\/International\/wp-json\/wp\/v2\/types\/post"}],"author":[{"embeddable":true,"href":"https:\/\/linitiative.ca\/International\/wp-json\/wp\/v2\/users\/1742"}],"replies":[{"embeddable":true,"href":"https:\/\/linitiative.ca\/International\/wp-json\/wp\/v2\/comments?post=37128"}],"version-history":[{"count":0,"href":"https:\/\/linitiative.ca\/International\/wp-json\/wp\/v2\/posts\/37128\/revisions"}],"wp:attachment":[{"href":"https:\/\/linitiative.ca\/International\/wp-json\/wp\/v2\/media?parent=37128"}],"wp:term":[{"taxonomy":"category","embeddable":true,"href":"https:\/\/linitiative.ca\/International\/wp-json\/wp\/v2\/categories?post=37128"},{"taxonomy":"post_tag","embeddable":true,"href":"https:\/\/linitiative.ca\/International\/wp-json\/wp\/v2\/tags?post=37128"}],"curies":[{"name":"wp","href":"https:\/\/api.w.org\/{rel}","templated":true}]}}