{"id":37129,"date":"2019-05-28T05:01:06","date_gmt":"2019-05-28T09:01:06","guid":{"rendered":"https:\/\/linitiative.ca\/International\/bresil-55-detenus-tues-en-deux-jours-dans-des-violences-en-prison\/"},"modified":"2019-05-28T05:01:06","modified_gmt":"2019-05-28T09:01:06","slug":"bresil-55-detenus-tues-en-deux-jours-dans-des-violences-en-prison","status":"publish","type":"post","link":"https:\/\/linitiative.ca\/International\/bresil-55-detenus-tues-en-deux-jours-dans-des-violences-en-prison\/","title":{"rendered":"Br\u00e9sil: 55 d\u00e9tenus tu\u00e9s en deux jours dans des violences en prison"},"content":{"rendered":"<p><strong>BRESIL<\/strong>\u00a0Avec pr\u00e8s de 727.000 d\u00e9tenus recens\u00e9s en 2016, le Br\u00e9sil compte la troisi\u00e8me population p\u00e9nitentiaire du monde, souvent secou\u00e9e par des drames<\/p>\n<p>Au moins 55 d\u00e9tenus ont \u00e9t\u00e9 tu\u00e9s dimanche et lundi, dont un certain nombre par strangulation, dans\u00a0<a href=\"https:\/\/www.20minutes.fr\/dossier\/bresil\">une vague de violences dans des prisons\u00a0<\/a>du nord du\u00a0<a href=\"https:\/\/www.20minutes.fr\/dossier\/bresil\">Br\u00e9sil<\/a>, pays au syst\u00e8me p\u00e9nitentiaire surpeupl\u00e9 et gangr\u00e9n\u00e9 par les rivalit\u00e9s sanglantes entre bandes.<\/p>\n<p>Lundi, au moins 40 d\u00e9tenus ont \u00e9t\u00e9 retrouv\u00e9s morts dans quatre\u00a0<a href=\"https:\/\/www.20minutes.fr\/dossier\/prison\">prisons\u00a0<\/a>de l\u2019Etat septentrional de l\u2019Amazonas, et le bilan aurait pu \u00eatre bien plus lourd sans l\u2019intervention des forces de l\u2019ordre, selon les autorit\u00e9s.\u00a0Dans un de ces \u00e9tablissements, une rixe entre d\u00e9tenus avait d\u00e9j\u00e0 fait 15 morts dimanche.<\/p>\n<p>Tous les prisonniers tu\u00e9s lundi \u00ab\u00a0montrent des signes de d\u00e9c\u00e8s par asphyxie\u00a0\u00bb, a annonc\u00e9 dans un communiqu\u00e9 le Secr\u00e9tariat de la s\u00e9curit\u00e9 publique d\u2019Amazonas, apparemment apr\u00e8s strangulation.<\/p>\n<h2>\u00ab\u00a0Pr\u00e8s de 200 possibles victimes\u00a0\u00bb suppl\u00e9mentaires \u00e9vit\u00e9es<\/h2>\n<p>L\u2019administration p\u00e9nitentiaire a ensuite expliqu\u00e9 que l\u2019intervention rapide de la police militaire dans les prisons avait permis d\u2019\u00e9viter \u00ab\u00a0pr\u00e8s de 200 possibles victimes\u00a0\u00bb.\u00a0Au moment o\u00f9 des troupes de choc p\u00e9n\u00e9traient dans les cellules, des prisonniers \u00e9tranglaient d\u2019autres d\u00e9tenus, a pr\u00e9cis\u00e9 la m\u00eame source dans un communiqu\u00e9.<\/p>\n<p>\u00ab\u00a0Alors que les troupes avan\u00e7aient, (les d\u00e9tenus) \u00e9taient en train de tuer les personnes par \u00e9tranglement\u00a0\u00bb, a d\u00e9clar\u00e9 le secr\u00e9taire \u00e0 l\u2019administration p\u00e9nitentiaire Vinicius Almeida. \u00ab\u00a0Je viens de parler avec le ministre (de la Justice et de la S\u00e9curit\u00e9 publique) Sergio Moro, qui envoie une \u00e9quipe d\u2019intervention dans les prisons dans l\u2019Amazonas, pour qu\u2019il puisse nous aider dans ce moment de crise\u00a0\u00bb, a annonc\u00e9 le gouverneur de l\u2019Etat Wilson Lima, dans un communiqu\u00e9.<\/p>\n<h2>D\u00e9c\u00e8s \u00ab\u00a0par asphyxie ou par perforation \u00e0 l\u2019aide d\u2019objets aiguis\u00e9s\u00a0\u00bb<\/h2>\n<p>Trois des quatre prisons o\u00f9 sont survenus les d\u00e9c\u00e8s sont tr\u00e8s proches les unes des autres et situ\u00e9es non loin de Manaus, la capitale de l\u2019Amazonas.\u00a0Au moins 25 des victimes retrouv\u00e9es lundi \u00e9taient des d\u00e9tenus de l\u2019Institut P\u00e9nal Antonio Trindade.<\/p>\n<p>Dans le Complexe p\u00e9nitentiaire Anisio Jobim (Compaj), quatre d\u00e9tenus ont \u00e9t\u00e9 retrouv\u00e9s morts lundi. Quinze prisonniers avaient d\u00e9j\u00e0 \u00e9t\u00e9 tu\u00e9s dimanche dans cet \u00e9tablissement, th\u00e9\u00e2tre en janvier\u00a02017 d\u2019une r\u00e9bellion sanglante qui avait dur\u00e9 une vingtaine d\u2019heures et avait fait 56 morts, un des pires massacres de l\u2019Histoire dans des prisons br\u00e9siliennes.\u00a0Cinq autres d\u00e9tenus ont \u00e9t\u00e9 retrouv\u00e9s morts lundi dans le Centre de d\u00e9tention provisoire pour hommes et six autres dans la prison de Puraquequara.<\/p>\n<p>Les d\u00e9tenus morts dimanche, lors des premi\u00e8res violences, ont \u00e9t\u00e9 tu\u00e9s durant les heures de visite en parloir. \u00ab\u00a0C\u2019\u00e9tait des rixes entre d\u00e9tenus. Il n\u2019y avait jamais eu de morts durant les visites\u00a0\u00bb, a d\u00e9clar\u00e9 \u00e0 la presse le colonel Marcos Vinicius Almeida, un responsable p\u00e9nitentiaire local. \u00ab\u00a0Certains d\u00e9c\u00e8s ont \u00e9t\u00e9 caus\u00e9s par asphyxie, d\u2019autres par perforation \u00e0 l\u2019aide d\u2019objets aiguis\u00e9s comme des brosses \u00e0 dents\u00a0\u00bb, a-t-il ajout\u00e9.<\/p>\n<h2>727.000 d\u00e9tenus au Br\u00e9sil, la 3e population p\u00e9nitentiaire du monde<\/h2>\n<p>Le secr\u00e9taire \u00e0 la S\u00e9curit\u00e9 publique de l\u2019Amazonas, Louismar Bonates, a expliqu\u00e9 au quotidien Folha de S. Paulo qu\u2019il s\u2019\u00e9tait agi d\u2019un \u00ab\u00a0affrontement entre deux groupes organis\u00e9s du p\u00e9nitencier, qui ont des conflits entre eux, et qui ont profit\u00e9 du moment des visites familiales\u00a0\u00bb.<\/p>\n<p>Avec pr\u00e8s de 727.000 d\u00e9tenus recens\u00e9s en 2016, le Br\u00e9sil compte la troisi\u00e8me population p\u00e9nitentiaire du monde, souvent secou\u00e9e par des drames.\u00a0La capacit\u00e9 des prisons est deux fois moindre, environ 368.000 places, dans ce pays de pr\u00e8s de 210\u00a0millions d\u2019habitants qui est l\u2019un des plus violents au monde.<\/p>\n<p>Les prisons br\u00e9siliennes sont g\u00e9n\u00e9ralement sordides et en proie \u00e0 une violence end\u00e9mique entre bandes organis\u00e9es.\u00a0La crise ne date pas d\u2019aujourd\u2019hui et menace de s\u2019aggraver alors que le gouvernement d\u2019extr\u00eame droite de Jair Bolsonaro a promis la guerre \u00e0 la criminalit\u00e9 sans pour autant annoncer de programmes de construction de prisons.<\/p>\n<p>20 minutes<\/p>\n<p class=\"dpsp-share-text\">Partager c&rsquo;est aimer!<\/p>\n<div class=\"wp-post-author-wrap wp-post-author-shortcode left\">\n<h3 class=\"awpa-title\"\/>\n<div class=\"wp-post-author\">\n<div class=\"awpa-img awpa-author-block square\"><a href=\"http:\/\/lexpertjournal.net\/fr\/author\/expert\/\"><img loading=\"lazy\" decoding=\"async\" alt=\"\" src=\"http:\/\/2.gravatar.com\/avatar\/56d99be2a6f97af88ccb49fada637fcd?s=150&#038;d=mm&#038;r=g\" srcset=\"http:\/\/2.gravatar.com\/avatar\/56d99be2a6f97af88ccb49fada637fcd?s=300&#038;d=mm&#038;r=g 2x\" class=\"avatar avatar-150 photo\" height=\"150\" width=\"150\"\/><\/a><\/div>\n<\/div>\n<\/div>\n<p>Auteur: L&rsquo;expert<br \/>\n<a href=\"http:\/\/lexpertjournal.net\/fr\/2019\/05\/28\/bresil-55-detenus-tues-en-deux-jours-dans-des-violences-en-prison\/\">Cliquez ici pour lire l&rsquo;article depuis sa source.<\/a><\/p>\n","protected":false},"excerpt":{"rendered":"<p>BRESIL\u00a0Avec pr\u00e8s de 727.000 d\u00e9tenus recens\u00e9s en 2016, le Br\u00e9sil compte la troisi\u00e8me population p\u00e9nitentiaire du monde, souvent secou\u00e9e par des drames Au moins 55 d\u00e9tenus ont \u00e9t\u00e9 tu\u00e9s dimanche et lundi, dont un certain nombre par strangulation, dans\u00a0une vague de violences dans des prisons\u00a0du nord du\u00a0Br\u00e9sil, pays au syst\u00e8me p\u00e9nitentiaire surpeupl\u00e9 et gangr\u00e9n\u00e9 par [&hellip;]<\/p>\n","protected":false},"author":1775,"featured_media":0,"comment_status":"closed","ping_status":"closed","sticky":false,"template":"","format":"standard","meta":{"fifu_image_url":"","fifu_image_alt":"","footnotes":""},"categories":[78,55],"tags":[],"class_list":["post-37129","post","type-post","status-publish","format-standard","hentry","category-economie","category-tunisie"],"_links":{"self":[{"href":"https:\/\/linitiative.ca\/International\/wp-json\/wp\/v2\/posts\/37129","targetHints":{"allow":["GET"]}}],"collection":[{"href":"https:\/\/linitiative.ca\/International\/wp-json\/wp\/v2\/posts"}],"about":[{"href":"https:\/\/linitiative.ca\/International\/wp-json\/wp\/v2\/types\/post"}],"author":[{"embeddable":true,"href":"https:\/\/linitiative.ca\/International\/wp-json\/wp\/v2\/users\/1775"}],"replies":[{"embeddable":true,"href":"https:\/\/linitiative.ca\/International\/wp-json\/wp\/v2\/comments?post=37129"}],"version-history":[{"count":0,"href":"https:\/\/linitiative.ca\/International\/wp-json\/wp\/v2\/posts\/37129\/revisions"}],"wp:attachment":[{"href":"https:\/\/linitiative.ca\/International\/wp-json\/wp\/v2\/media?parent=37129"}],"wp:term":[{"taxonomy":"category","embeddable":true,"href":"https:\/\/linitiative.ca\/International\/wp-json\/wp\/v2\/categories?post=37129"},{"taxonomy":"post_tag","embeddable":true,"href":"https:\/\/linitiative.ca\/International\/wp-json\/wp\/v2\/tags?post=37129"}],"curies":[{"name":"wp","href":"https:\/\/api.w.org\/{rel}","templated":true}]}}