{"id":37132,"date":"2019-05-27T20:44:50","date_gmt":"2019-05-28T00:44:50","guid":{"rendered":"https:\/\/linitiative.ca\/International\/affaire-charbon-fin-le-ren-lac-veut-toute-la-lumiere\/"},"modified":"2019-05-27T20:44:50","modified_gmt":"2019-05-28T00:44:50","slug":"affaire-charbon-fin-le-ren-lac-veut-toute-la-lumiere","status":"publish","type":"post","link":"https:\/\/linitiative.ca\/International\/affaire-charbon-fin-le-ren-lac-veut-toute-la-lumiere\/","title":{"rendered":"Affaire \u00abcharbon fin\u00bb : Le REN-LAC veut \u00abtoute la lumi\u00e8re\u00bb"},"content":{"rendered":"<div class=\"td-post-featured-image\" readability=\"35\"><a href=\"https:\/\/i1.wp.com\/www.sidwaya.info\/wp-content\/uploads\/2019\/05\/renlac.jpg?fit=688%2C452&#038;ssl=1\" data-caption=\"Pour le Secr\u00e9taire ex\u00e9cutif du REN-LAC, Sagado Nacanabo (milieu), le gouvernement doit tout faire pour la manifestation de la v\u00e9rit\u00e9 sur tous ces dossiers.\"><img loading=\"lazy\" decoding=\"async\" width=\"688\" height=\"452\" class=\"entry-thumb td-modal-image\" src=\"https:\/\/i1.wp.com\/www.sidwaya.info\/wp-content\/uploads\/2019\/05\/renlac.jpg?resize=688%2C452&#038;ssl=1\" srcset=\"https:\/\/i1.wp.com\/www.sidwaya.info\/wp-content\/uploads\/2019\/05\/renlac.jpg?w=688&#038;ssl=1 688w, https:\/\/i1.wp.com\/www.sidwaya.info\/wp-content\/uploads\/2019\/05\/renlac.jpg?resize=300%2C197&#038;ssl=1 300w, https:\/\/i1.wp.com\/www.sidwaya.info\/wp-content\/uploads\/2019\/05\/renlac.jpg?resize=639%2C420&#038;ssl=1 639w\" sizes=\"auto, (max-width: 688px) 100vw, 688px\" alt=\"\" title=\"renlac\"\/><\/a>Pour le Secr\u00e9taire ex\u00e9cutif du REN-LAC, Sagado Nacanabo (milieu), le gouvernement doit tout faire pour la manifestation de la v\u00e9rit\u00e9 sur tous ces dossiers.<\/div>\n<div class=\"td-a-rec td-a-rec-id-content_top td_uid_30_5ced3870a472e_rand td_block_template_1\"><img loading=\"lazy\" decoding=\"async\" class=\"aligncenter size-full wp-image-4463\" src=\"https:\/\/www.sidwaya.info\/wp-content\/uploads\/2019\/02\/FESPACO-TOUR-2019-Bannie%CC%80re-728x90-1.jpg\" alt=\"\" width=\"728\" height=\"90\"\/><\/div>\n<p><strong>Le R\u00e9seau national de lutte anti-corruption (REN-LAC) a anim\u00e9 une conf\u00e9rence de presse, le 27 mai 2019 \u00e0 Ouagadougou, pour se prononcer sur la gouvernance du pouvoir en place.<\/strong><\/p>\n<p>La gouvernance du r\u00e9gime actuel \u00abne satisfait point\u00bb le R\u00e9seau national de lutte anti-corruption (REN-LAC). Il l\u2019a fait savoir, le lundi 27 mai 2019, \u00e0 Ouagadouogou, au cours d\u2019une conf\u00e9rence de presse qui lui a permis de se prononcer sur la crise au sein de l\u2019appareil judiciaire, les \u00abrecrutements frauduleux\u00bb \u00e0 la Caisse nationale de s\u00e9curit\u00e9 sociale (CNSS) et l\u2019affaire d\u2019exportation de charbon fin de la soci\u00e9t\u00e9 mini\u00e8re Iamgold Essakane SA.. Sur ce dernier point, le Secr\u00e9taire ex\u00e9cutif du REN-LAC, Sagado Nacanabo, a laiss\u00e9 entendre qu\u2019il y a eu \u00abbel et bien tentative d\u2019exportation frauduleuse d\u2019or de la part d\u2019Essakane SA\u00bb.<\/p>\n<p>Et ce, \u00e0 travers la sous-estimation des quantit\u00e9s et des teneurs d\u00e9clar\u00e9es qui \u00absont anormalement \u00e9lev\u00e9es par rapport \u00e0 celles rencontr\u00e9es dans le charbon fin des autres mines\u00bb. \u00abLe diff\u00e9rentiel de poids sec d\u00e9clar\u00e9 est ainsi de 67,4 tonnes. En prenant en compte les teneurs d\u00e9clar\u00e9es par Essakana SA., on aboutit \u00e0 59, 048 kilogrammes d\u2019or et 24,11 kilogrammes d\u2019argent\u00a0 non d\u00e9clar\u00e9s\u00bb, a pr\u00e9cis\u00e9 M. Nacanabo.<\/p>\n<p>La fraude se manifeste \u00e9galement \u00e0 travers la violation de la r\u00e9glementation douani\u00e8re, car les autorisations d\u2019exportation ont \u00e9t\u00e9 donn\u00e9es sans respect pr\u00e9alable des textes en la mati\u00e8re, a ajout\u00e9 le charg\u00e9 du plaidoyer et du lobbying, Bruno K\u00e9r\u00e9. Pour le REN-LAC, face \u00e0 une telle situation, le gouvernement devrait diligenter une enqu\u00eate pour mieux \u00e9clairer l\u2019opinion.<\/p>\n<p>A contrario, le minist\u00e8re des Mines et des Carri\u00e8res, non seulement, a r\u00e9fut\u00e9 les all\u00e9gations, mais aussi s\u2019est mis \u00e0 d\u00e9fendre la soci\u00e9t\u00e9 mini\u00e8re, ont d\u00e9plor\u00e9 les conf\u00e9renciers. Mais que compte faire le REN-LAC pour la manifestation de la v\u00e9rit\u00e9 dans cette affaire\u00a0? Tout en invitant le gouvernement \u00e0 prendre \u00e0 bras-le-corps le probl\u00e8me, les conf\u00e9renciers ont indiqu\u00e9 que leur organisation jouera sa partition. \u00abToutes les actions possibles et nous n\u2019excluons pas celle en justice s\u2019il le faut\u00bb, a martel\u00e9 Bruno K\u00e9r\u00e9.<\/p>\n<h3>Doter la justice de moyens cons\u00e9quents<\/h3>\n<p>Pour ce qui est de la crise qui secoue l\u2019appareil judiciaire depuis octobre 2018, M. Nacanabo et ses camarades ont invit\u00e9 le pouvoir ex\u00e9cutif \u00e0 r\u00e9pondre aux pr\u00e9occupations des acteurs de la justice et \u00e0 \u00ablever les dysfonctionnements au risque d\u2019encourager la justice priv\u00e9e. Et contrairement aux dires du Premier ministre devant l\u2019Assembl\u00e9e nationale, les p\u00f4les \u00e9conomiques et judiciaires, ne fonctionnent pas.<\/p>\n<p>Ils ont plut\u00f4t besoin d\u2019\u00eatre dot\u00e9s en moyens humains, mat\u00e9riels et financiers cons\u00e9quents pour \u00eatre op\u00e9rationnels, ont-ils soulign\u00e9. Le RENLAC a, par ailleurs, d\u00e9nonc\u00e9 le silence du ministre de la Justice dans la saisine du conseil de discipline du Conseil sup\u00e9rieur de la magistrature, pour la relance du traitement des cas d\u2019atteinte \u00e0 la d\u00e9ontologie dont se seraient rendus coupables des magistrats et acteurs judiciaires.<\/p>\n<p>Concernant, les recrutements \u00e0 la CNSS d\u00e9nonc\u00e9s par le comit\u00e9 CGT-B en juillet 2018, les investigations de l\u2019ASCE-LC et du parquet confirment qu\u2019il y a eu fraude dans le test, a fait savoir le Secr\u00e9taire ex\u00e9cutif du REN-LAC. Mieux, en lien avec cette affaire, deux personnes m\u00e9ditent sur leur sort \u00e0 la Maison d\u2019arr\u00eat et de correction de Ouagadougou, en attendant leur jugement.<\/p>\n<p>Sur tous ces dossiers, le REN-LAC invite les plus hautes autorit\u00e9s \u00e0 leur r\u00e9server un traitement judiciaire diligent et vigoureux.<\/p>\n<p class=\"c1\"><strong>Mahamadi SEBOGO<\/strong><br \/>msebogo@yahoo.fr<\/p>\n<div class=\"td-a-rec td-a-rec-id-content_bottom td_uid_31_5ced3870a49f5_rand td_block_template_1\"><img loading=\"lazy\" decoding=\"async\" class=\"alignright size-full wp-image-1724\" src=\"https:\/\/www.sidwaya.info\/wp-content\/uploads\/2018\/12\/sidwaya-pub.jpg\" alt=\"\" width=\"720\" height=\"90\"\/><\/div>\n<p>Auteur: JK. Sidwaya<br \/>\n<a href=\"https:\/\/www.sidwaya.info\/blog\/2019\/05\/28\/affaire-charbon-fin-le-ren-lac-veut-toute-la-lumiere\/\">Cliquez ici pour lire l&rsquo;article depuis sa source.<\/a><\/p>\n","protected":false},"excerpt":{"rendered":"<p>Pour le Secr\u00e9taire ex\u00e9cutif du REN-LAC, Sagado Nacanabo (milieu), le gouvernement doit tout faire pour la manifestation de la v\u00e9rit\u00e9 sur tous ces dossiers. Le R\u00e9seau national de lutte anti-corruption (REN-LAC) a anim\u00e9 une conf\u00e9rence de presse, le 27 mai 2019 \u00e0 Ouagadougou, pour se prononcer sur la gouvernance du pouvoir en place. La gouvernance [&hellip;]<\/p>\n","protected":false},"author":1816,"featured_media":0,"comment_status":"closed","ping_status":"closed","sticky":false,"template":"","format":"standard","meta":{"fifu_image_url":"","fifu_image_alt":"","footnotes":""},"categories":[73,81],"tags":[],"class_list":["post-37132","post","type-post","status-publish","format-standard","hentry","category-actualite","category-burkina-faso"],"_links":{"self":[{"href":"https:\/\/linitiative.ca\/International\/wp-json\/wp\/v2\/posts\/37132","targetHints":{"allow":["GET"]}}],"collection":[{"href":"https:\/\/linitiative.ca\/International\/wp-json\/wp\/v2\/posts"}],"about":[{"href":"https:\/\/linitiative.ca\/International\/wp-json\/wp\/v2\/types\/post"}],"author":[{"embeddable":true,"href":"https:\/\/linitiative.ca\/International\/wp-json\/wp\/v2\/users\/1816"}],"replies":[{"embeddable":true,"href":"https:\/\/linitiative.ca\/International\/wp-json\/wp\/v2\/comments?post=37132"}],"version-history":[{"count":0,"href":"https:\/\/linitiative.ca\/International\/wp-json\/wp\/v2\/posts\/37132\/revisions"}],"wp:attachment":[{"href":"https:\/\/linitiative.ca\/International\/wp-json\/wp\/v2\/media?parent=37132"}],"wp:term":[{"taxonomy":"category","embeddable":true,"href":"https:\/\/linitiative.ca\/International\/wp-json\/wp\/v2\/categories?post=37132"},{"taxonomy":"post_tag","embeddable":true,"href":"https:\/\/linitiative.ca\/International\/wp-json\/wp\/v2\/tags?post=37132"}],"curies":[{"name":"wp","href":"https:\/\/api.w.org\/{rel}","templated":true}]}}