{"id":37133,"date":"2019-05-28T07:35:44","date_gmt":"2019-05-28T11:35:44","guid":{"rendered":"https:\/\/linitiative.ca\/International\/cybercriminalite-le-maroc-est-il-securise\/"},"modified":"2019-05-28T07:35:44","modified_gmt":"2019-05-28T11:35:44","slug":"cybercriminalite-le-maroc-est-il-securise","status":"publish","type":"post","link":"https:\/\/linitiative.ca\/International\/cybercriminalite-le-maroc-est-il-securise\/","title":{"rendered":"Cybercriminalit\u00e9\u00a0: le Maroc est-il s\u00e9curis\u00e9\u00a0?"},"content":{"rendered":"<p class=\"p1\">La <strong>cybercriminalit\u00e9<\/strong>, c\u2019est toute infraction commise par l\u2019utilisation des technologies de l\u2019information et de la communication. Elle pr\u00e9sente aujourd\u2019hui un danger majeur pour la stabilit\u00e9 de tous les Etats du monde, puisqu\u2019elle s\u2019alimente de l\u2019\u00e9volution exponentielle des technologies de l\u2019information.<\/p>\n<div class=\"c10\"\/>\n<p class=\"p1\">Le Royaume du Maroc, class\u00e9 parmi les pays les plus expos\u00e9s \u00e0 la menace \u00e9lectronique, est devenu conscient de ce ph\u00e9nom\u00e8ne. Il a mis en place une strat\u00e9gie nationale de cybers\u00e9curit\u00e9 et de s\u00e9curit\u00e9 des syst\u00e8mes d\u2019information. Plusieurs mesures ont \u00e9t\u00e9 r\u00e9alis\u00e9es\u00a0sur le plan organisationnel et r\u00e9glementaire en mati\u00e8re de lutte contre la cybercriminalit\u00e9.<\/p>\n<p class=\"p2\">Sur le plan organisationnel, le Maroc a mis en place la Direction G\u00e9n\u00e9rale de la S\u00e9curit\u00e9 des Syst\u00e8mes d\u2019Information (DGSSI), le Centre Marocain d\u2019Alerte et de Gestion des Incidents Informatiques (MA-CERT) relevant de la Direction de la D\u00e9fense Nationale, des Laboratoires R\u00e9gionaux d\u2019Analyse de Traces Num\u00e9riques et Anti-cybercriminalit\u00e9, relevant de la Direction G\u00e9n\u00e9rale de la S\u00fbret\u00e9 Nationale (DGSN), et \u00e9galement\u00a0la Commission Nationale de Contr\u00f4le de la Protection des Donn\u00e9es Personnelles (CNDP), r\u00e9organis\u00e9e derni\u00e8rement.<\/p>\n<p class=\"p2\">Sur le Plan r\u00e9glementaire, \u00a0le Maroc a mis en \u0153uvre des\u00a0 textes de lois relatives \u00e0 la r\u00e9glementation num\u00e9rique, tel le cas de la loi n\u00b0 07-03 sur les atteintes aux syst\u00e8mes de traitement automatis\u00e9 des donn\u00e9es (premier texte en droit marocain qui s\u2019int\u00e9resse aux infractions informatiques ), la loi 53- 05 relative \u00e0 l\u2019\u00e9change \u00e9lectronique de donn\u00e9es juridiques et la loi 09-08 relative au traitement automatis\u00e9 des donn\u00e9es personnelles.<\/p>\n<p class=\"p2\">Par ailleurs, parmi les mesures adopt\u00e9es par le Royaume du Maroc, on cite la ratification par le Parlement marocain de la convention de Budapest, adopt\u00e9e en novembre 2001, sur les cyberattaques. Cette Convention sert de lignes directrices pour tout pays \u00e9laborant une l\u00e9gislation exhaustive en mati\u00e8re de cybercriminalit\u00e9, mais aussi de cadre pour la coop\u00e9ration internationale contre la cybercriminalit\u00e9.<\/p>\n<p class=\"p2\">L\u2019adh\u00e9sion du Maroc \u00e0 la Convention de Budapest sur la cybercriminalit\u00e9 a plac\u00e9 le Royaume parmi les pays leaders en mati\u00e8re de la s\u00e9curit\u00e9 cybern\u00e9tique, tout en lui permettant de se doter d\u2019un m\u00e9canisme performant pour faire face aux crimes commis via les syst\u00e8mes informatiques.<\/p>\n<p class=\"p2\">A cet effet, la croissance continue de la menace de la cybercriminalit\u00e9, surtout le cyberterrorisme, l\u2019importance accrue des syst\u00e8mes d\u2019information et l\u2019\u00e9volution tr\u00e8s rapide des technologies, imposent au Maroc d\u2019augmenter le niveau de s\u00e9curit\u00e9 et les moyens de d\u00e9fense des syst\u00e8mes d\u2019information\u00a0.<\/p>\n<p class=\"p2\">Dans cette optique, la lutte contre la cybercriminalit\u00e9 devra \u00eatre une priorit\u00e9 dans la strat\u00e9gie nationale en mati\u00e8re de lutte contre le terrorisme que notre pays a d\u00e9j\u00e0 \u00e9labor\u00e9e et commenc\u00e9 \u00e0 l\u2019ex\u00e9cuter. Elle n\u00e9cessite une qualification de comp\u00e9tences humaines capables d\u2019analyser et comprendre les techniques avanc\u00e9es en termes de codage, de programmation et du d\u00e9veloppement informatique.<\/p>\n<p class=\"p2\">Il est \u00e0 rappeler, que l\u2019Institut National des Postes et T\u00e9l\u00e9communications (INPT), a mis en place plusieurs cursus de formation d\u2019ing\u00e9nieurs et de masters pour la formation des responsables de la s\u00e9curit\u00e9 des syst\u00e8mes d\u2019information de cybers\u00e9curit\u00e9. Ce choix m\u00e9rite d\u2019\u00eatre f\u00e9licit\u00e9, car l\u2019administration publique marocaine ou l\u2019entreprise va se doter de comp\u00e9tences qualifi\u00e9es et de profils ma\u00eetrisant les technologies web capables de concevoir et de g\u00e9rer des services et des syst\u00e8mes d\u2019information s\u00e9curis\u00e9s avec professionnalisme.<\/p>\n<p class=\"p2\">Malgr\u00e9 tous les efforts faits au Maroc pour la lutte contre la cybercriminalit\u00e9 et l\u2019instauration de la confiance num\u00e9rique, il reste encore des efforts \u00e0 d\u00e9ployer pour lutter contre la cybercriminalit\u00e9 et s\u00e9curiser les syst\u00e8mes d\u2019information.<\/p>\n<p class=\"p2\">Cela n\u00e9cessite l\u2019implication de toutes les composantes de la soci\u00e9t\u00e9, la sensibilisation des internautes et \u00e9galement la formation continue des responsables de la s\u00e9curit\u00e9 des syst\u00e8mes d\u2019information au niveau des administrations et des entreprises, sans oublier \u00e9galement, la culture d\u2019usage s\u00e9curis\u00e9 et de bonnes pratiques de cybers\u00e9curit\u00e9.<\/p>\n<div class=\"c17\">\n<fieldset class=\"c16\">\n<legend><strong><span class=\"c11\">Challenge<\/span><span class=\"c12\">news<\/span><\/strong><\/legend>\n<div class=\"c15\">Le meilleur de la r\u00e9daction s\u00e9lectionn\u00e9 par Challenge :<\/p>\n<\/div>\n<\/fieldset>\n<\/div>\n<p>Auteur: challenge<br \/>\n<a href=\"https:\/\/www.challenge.ma\/cybercriminalite-le-maroc-est-il-securise-109689\/\">Cliquez ici pour lire l&rsquo;article depuis sa source.<\/a><\/p>\n","protected":false},"excerpt":{"rendered":"<p>La cybercriminalit\u00e9, c\u2019est toute infraction commise par l\u2019utilisation des technologies de l\u2019information et de la communication. Elle pr\u00e9sente aujourd\u2019hui un danger majeur pour la stabilit\u00e9 de tous les Etats du monde, puisqu\u2019elle s\u2019alimente de l\u2019\u00e9volution exponentielle des technologies de l\u2019information. Le Royaume du Maroc, class\u00e9 parmi les pays les plus expos\u00e9s \u00e0 la menace \u00e9lectronique, [&hellip;]<\/p>\n","protected":false},"author":1787,"featured_media":0,"comment_status":"closed","ping_status":"closed","sticky":false,"template":"","format":"standard","meta":{"fifu_image_url":"","fifu_image_alt":"","footnotes":""},"categories":[78,54],"tags":[],"class_list":["post-37133","post","type-post","status-publish","format-standard","hentry","category-economie","category-maroc"],"_links":{"self":[{"href":"https:\/\/linitiative.ca\/International\/wp-json\/wp\/v2\/posts\/37133","targetHints":{"allow":["GET"]}}],"collection":[{"href":"https:\/\/linitiative.ca\/International\/wp-json\/wp\/v2\/posts"}],"about":[{"href":"https:\/\/linitiative.ca\/International\/wp-json\/wp\/v2\/types\/post"}],"author":[{"embeddable":true,"href":"https:\/\/linitiative.ca\/International\/wp-json\/wp\/v2\/users\/1787"}],"replies":[{"embeddable":true,"href":"https:\/\/linitiative.ca\/International\/wp-json\/wp\/v2\/comments?post=37133"}],"version-history":[{"count":0,"href":"https:\/\/linitiative.ca\/International\/wp-json\/wp\/v2\/posts\/37133\/revisions"}],"wp:attachment":[{"href":"https:\/\/linitiative.ca\/International\/wp-json\/wp\/v2\/media?parent=37133"}],"wp:term":[{"taxonomy":"category","embeddable":true,"href":"https:\/\/linitiative.ca\/International\/wp-json\/wp\/v2\/categories?post=37133"},{"taxonomy":"post_tag","embeddable":true,"href":"https:\/\/linitiative.ca\/International\/wp-json\/wp\/v2\/tags?post=37133"}],"curies":[{"name":"wp","href":"https:\/\/api.w.org\/{rel}","templated":true}]}}