{"id":37145,"date":"2019-05-27T19:00:00","date_gmt":"2019-05-27T23:00:00","guid":{"rendered":"https:\/\/linitiative.ca\/International\/78e-anniversaire-de-la-mort-de-mohamed-bouras-un-pionnier-du-patriotisme\/"},"modified":"2019-05-27T19:00:00","modified_gmt":"2019-05-27T23:00:00","slug":"78e-anniversaire-de-la-mort-de-mohamed-bouras-un-pionnier-du-patriotisme","status":"publish","type":"post","link":"https:\/\/linitiative.ca\/International\/78e-anniversaire-de-la-mort-de-mohamed-bouras-un-pionnier-du-patriotisme\/","title":{"rendered":"78e anniversaire de la mort  de Mohamed Bouras  :  Un pionnier du patriotisme"},"content":{"rendered":"<p>La commune de Miliana (A\u00efn Defla) a comm\u00e9mor\u00e9 hier le 78e anniversaire de la mort du fondateur des Scouts musulmans alg\u00e9riens (SMA), le chahid Mohamed Bouras, ex\u00e9cut\u00e9 par les autorit\u00e9s coloniales en 1941. Une gerbe de fleurs a \u00e9t\u00e9 d\u00e9pos\u00e9e sur la tombe du chahid et la Fatiha du saint Livre r\u00e9cit\u00e9e en pr\u00e9sence des autorit\u00e9s locales, de la famille r\u00e9volutionnaire et de nombre d\u2019\u00e9l\u00e9ments des Scouts musulmans alg\u00e9riens (SMA).<br \/>Intervenant \u00e0 l\u2019occasion, le conservateur des SMA de A\u00efn Defla, Abed Feraoun, a mis en exergue le parcours de Mohamed Bouras, \u00abun nationaliste hors pair ayant raviv\u00e9 par le scoutisme la flamme patriotique\u00bb, a-t-il tenu \u00e0 pr\u00e9ciser. Assimilant le scoutisme \u00e0 \u00abune \u00e9cole de patriotisme\u00bb, il a fait \u00e9tat de 2.500 scouts r\u00e9partis sur 21 groupes \u00e0 l\u2019\u00e9chelle de la wilaya, soutenant que des efforts sont d\u00e9ploy\u00e9s en vue de rallier le plus grand nombre de jeunes \u00e0 ce mouvement.<br \/>N\u00e9 en f\u00e9vrier 1908 \u00e0 Miliana, dans le quartier Anassers, dans une famille modeste, Mohamed Bouras a fr\u00e9quent\u00e9 la m\u00e9dersa Al Falah o\u00f9 il a appris l\u2019arabe et les bases th\u00e9ologiques de l\u2019islam tout en poursuivant des \u00e9tudes au coll\u00e8ge fran\u00e7ais de Miliana. A partir de 1926, il quitte l\u2019\u00e9cole pour entrer dans la vie active. A 18 ans, il quitte sa ville natale pour se rendre \u00e0 Alger o\u00f9 il fr\u00e9quente le cercle Ettaraki et devient proche politiquement de l\u2019Association des oul\u00e9mas et de son chef, le cheikh Abdelhamid Ben Badis. D\u00e9cid\u00e9 \u00e0 consacrer sa vie \u00e0 l\u2019\u00e9ducation et \u00e0 la formation de la jeunesse alg\u00e9rienne, il d\u00e9pose, en 1935, les statuts des Scouts musulmans alg\u00e9riens dont la premi\u00e8re section est constitu\u00e9e \u00e0 Alger avec comme nom \u00abal-falah\u00bb. Une ann\u00e9e plus tard, apr\u00e8s avoir particip\u00e9 au Congr\u00e8s musulman, il devient dirigeant de la jeunesse de ce congr\u00e8s. En juillet 1939, toutes les sections Scouts d\u2019Alg\u00e9rie se constituent en f\u00e9d\u00e9ration sous la pr\u00e9sidence de Ben Badis. Devant le succ\u00e8s des scouts musulmans dont le nombre d\u2019adh\u00e9rents ne cesse de cro\u00eetre, les autorit\u00e9s fran\u00e7aises voyaient d\u00e9sormais en Mohamed Bouras un danger. Arr\u00eat\u00e9 le 3 mai 1941 sous le motif d\u2019espionnage au profit de l\u2019Allemagne, Mohamed Bouras est condamn\u00e9 \u00e0 mort et ex\u00e9cut\u00e9 le 27 mai 1941 sur le terrain militaire d\u2019Hussein-Dey, laissant derri\u00e8re lui 5 enfants en bas \u00e2ge.<br \/>Premier martyr des SMA, Mohamed Bouras est d\u00e9cor\u00e9 \u00e0 titre posthume de la m\u00e9daille El-Athir.<br \/>\u00a0<\/p>\n<p>Auteur: elmoudjahid<br \/>\n<a href=\"http:\/\/www.elmoudjahid.com\/fr\/actualites\/137407\">Cliquez ici pour lire l&rsquo;article depuis sa source.<\/a><\/p>\n","protected":false},"excerpt":{"rendered":"<p>La commune de Miliana (A\u00efn Defla) a comm\u00e9mor\u00e9 hier le 78e anniversaire de la mort du fondateur des Scouts musulmans alg\u00e9riens (SMA), le chahid Mohamed Bouras, ex\u00e9cut\u00e9 par les autorit\u00e9s coloniales en 1941. Une gerbe de fleurs a \u00e9t\u00e9 d\u00e9pos\u00e9e sur la tombe du chahid et la Fatiha du saint Livre r\u00e9cit\u00e9e en pr\u00e9sence des [&hellip;]<\/p>\n","protected":false},"author":1744,"featured_media":0,"comment_status":"closed","ping_status":"closed","sticky":false,"template":"","format":"standard","meta":{"fifu_image_url":"","fifu_image_alt":"","footnotes":""},"categories":[73,53],"tags":[],"class_list":["post-37145","post","type-post","status-publish","format-standard","hentry","category-actualite","category-algerie"],"_links":{"self":[{"href":"https:\/\/linitiative.ca\/International\/wp-json\/wp\/v2\/posts\/37145","targetHints":{"allow":["GET"]}}],"collection":[{"href":"https:\/\/linitiative.ca\/International\/wp-json\/wp\/v2\/posts"}],"about":[{"href":"https:\/\/linitiative.ca\/International\/wp-json\/wp\/v2\/types\/post"}],"author":[{"embeddable":true,"href":"https:\/\/linitiative.ca\/International\/wp-json\/wp\/v2\/users\/1744"}],"replies":[{"embeddable":true,"href":"https:\/\/linitiative.ca\/International\/wp-json\/wp\/v2\/comments?post=37145"}],"version-history":[{"count":0,"href":"https:\/\/linitiative.ca\/International\/wp-json\/wp\/v2\/posts\/37145\/revisions"}],"wp:attachment":[{"href":"https:\/\/linitiative.ca\/International\/wp-json\/wp\/v2\/media?parent=37145"}],"wp:term":[{"taxonomy":"category","embeddable":true,"href":"https:\/\/linitiative.ca\/International\/wp-json\/wp\/v2\/categories?post=37145"},{"taxonomy":"post_tag","embeddable":true,"href":"https:\/\/linitiative.ca\/International\/wp-json\/wp\/v2\/tags?post=37145"}],"curies":[{"name":"wp","href":"https:\/\/api.w.org\/{rel}","templated":true}]}}