{"id":37153,"date":"2019-05-28T08:33:52","date_gmt":"2019-05-28T12:33:52","guid":{"rendered":"https:\/\/linitiative.ca\/International\/khalil-hichimi-idrissi-ecrivain-journaliste\/"},"modified":"2019-05-28T08:33:52","modified_gmt":"2019-05-28T12:33:52","slug":"khalil-hichimi-idrissi-ecrivain-journaliste","status":"publish","type":"post","link":"https:\/\/linitiative.ca\/International\/khalil-hichimi-idrissi-ecrivain-journaliste\/","title":{"rendered":"Khalil Hichimi Idrissi, \u00e9crivain-journaliste"},"content":{"rendered":"<p>L\u2019\u00e9crivain-journaliste <strong>Khalil Hachimi Idrissi<\/strong> a \u00e9t\u00e9 \u00e9lu, samedi \u00e0 Casablanca, nouveau pr\u00e9sident de la \u00abConfr\u00e9rie des Compagnons de Gutenberg-Maroc\u00bb, lors de l\u2019Assembl\u00e9e g\u00e9n\u00e9rale de cette Association, qui regroupe des professionnels de l\u2019Ecrit engag\u00e9s pour la propagation et le d\u00e9veloppement de la lecture et la culture au Maroc.<\/p>\n<div class=\"c10\"\/>\n<p>Un des fondateurs de Gutenberg-Maroc, le compagnon Hachimi Idrissi s\u2019engage dans son programme \u00e0 d\u00e9velopper davantage l\u2019action socioculturelle \u00e0 travers le programme des \u00abbiblioth\u00e8ques pour tous\u00bb et l\u2019action en direction de la jeunesse notamment \u00e0 travers le programme \u00abcomment la lecture a chang\u00e9 ma vie\u00bb et \u00e0 prendre part au d\u00e9bat d\u2019id\u00e9es au Maroc en d\u00e9veloppant des prises de positions audibles.<\/p>\n<p>Am\u00e9liorer la visibilit\u00e9 de l\u2019Association par des actions r\u00e9guli\u00e8res et p\u00e9rennes, r\u00e9organiser l\u2019Association autour d\u2019un bureau dynamique et responsable et continuer \u00e0 d\u00e9velopper davantage les relations des Compagnons marocains avec leurs homologues Fran\u00e7ais et Suisses, figurent \u00e9galement parmi les id\u00e9es qui seront d\u00e9fendues lors du mandat du nouveau pr\u00e9sident de Gutenberg-Maroc.<\/p>\n<p>Outre Hachimi Idrissi, le nouveau bureau de la Confr\u00e9rie compte Mohamed Berrada (pr\u00e9sident d\u2019honneur), Bahia Amrani et Fathia Bennis (vice-pr\u00e9sidentes), Abdou Moukite (tr\u00e9sorier, charg\u00e9 du protocole) et Hassan Habibi (secr\u00e9taire g\u00e9n\u00e9ral).<\/p>\n<div class=\"c17\">\n<fieldset class=\"c16\">\n<legend><strong><span class=\"c11\">Challenge<\/span><span class=\"c12\">news<\/span><\/strong><\/legend>\n<div class=\"c15\">Le meilleur de la r\u00e9daction s\u00e9lectionn\u00e9 par Challenge :<\/p>\n<\/div>\n<\/fieldset>\n<\/div>\n<p>Auteur: Hassan Manyani<br \/>\n<a href=\"https:\/\/www.challenge.ma\/il-fait-lactu-khalil-hichimi-idrissi-ecrivain-journaliste-109708\/\">Cliquez ici pour lire l&rsquo;article depuis sa source.<\/a><\/p>\n","protected":false},"excerpt":{"rendered":"<p>L\u2019\u00e9crivain-journaliste Khalil Hachimi Idrissi a \u00e9t\u00e9 \u00e9lu, samedi \u00e0 Casablanca, nouveau pr\u00e9sident de la \u00abConfr\u00e9rie des Compagnons de Gutenberg-Maroc\u00bb, lors de l\u2019Assembl\u00e9e g\u00e9n\u00e9rale de cette Association, qui regroupe des professionnels de l\u2019Ecrit engag\u00e9s pour la propagation et le d\u00e9veloppement de la lecture et la culture au Maroc. Un des fondateurs de Gutenberg-Maroc, le compagnon Hachimi [&hellip;]<\/p>\n","protected":false},"author":1787,"featured_media":0,"comment_status":"closed","ping_status":"closed","sticky":false,"template":"","format":"standard","meta":{"fifu_image_url":"","fifu_image_alt":"","footnotes":""},"categories":[78,54],"tags":[],"class_list":["post-37153","post","type-post","status-publish","format-standard","hentry","category-economie","category-maroc"],"_links":{"self":[{"href":"https:\/\/linitiative.ca\/International\/wp-json\/wp\/v2\/posts\/37153","targetHints":{"allow":["GET"]}}],"collection":[{"href":"https:\/\/linitiative.ca\/International\/wp-json\/wp\/v2\/posts"}],"about":[{"href":"https:\/\/linitiative.ca\/International\/wp-json\/wp\/v2\/types\/post"}],"author":[{"embeddable":true,"href":"https:\/\/linitiative.ca\/International\/wp-json\/wp\/v2\/users\/1787"}],"replies":[{"embeddable":true,"href":"https:\/\/linitiative.ca\/International\/wp-json\/wp\/v2\/comments?post=37153"}],"version-history":[{"count":0,"href":"https:\/\/linitiative.ca\/International\/wp-json\/wp\/v2\/posts\/37153\/revisions"}],"wp:attachment":[{"href":"https:\/\/linitiative.ca\/International\/wp-json\/wp\/v2\/media?parent=37153"}],"wp:term":[{"taxonomy":"category","embeddable":true,"href":"https:\/\/linitiative.ca\/International\/wp-json\/wp\/v2\/categories?post=37153"},{"taxonomy":"post_tag","embeddable":true,"href":"https:\/\/linitiative.ca\/International\/wp-json\/wp\/v2\/tags?post=37153"}],"curies":[{"name":"wp","href":"https:\/\/api.w.org\/{rel}","templated":true}]}}