{"id":37155,"date":"2019-05-27T19:00:00","date_gmt":"2019-05-27T23:00:00","guid":{"rendered":"https:\/\/linitiative.ca\/International\/onm-mohand-ouamar-charge-de-la-gestion-par-interim\/"},"modified":"2019-05-27T19:00:00","modified_gmt":"2019-05-27T23:00:00","slug":"onm-mohand-ouamar-charge-de-la-gestion-par-interim","status":"publish","type":"post","link":"https:\/\/linitiative.ca\/International\/onm-mohand-ouamar-charge-de-la-gestion-par-interim\/","title":{"rendered":"ONM : Mohand Ouamar charg\u00e9 de  la gestion par int\u00e9rim"},"content":{"rendered":"<p>Le secr\u00e9tariat g\u00e9n\u00e9ral de l\u2019Organisation nationale des Moudjahidine (ONM) a annonc\u00e9, hier, que M. Mohand Ouamar Benlhadj est d\u00e9sormais charg\u00e9 de la gestion des affaires de l\u2019organisation, en remplacement de son Secr\u00e9taire G\u00e9n\u00e9ral Said Abadou, incapable d\u2019assumer ses fonctions pour des \u00abraisons de sant\u00e9\u00bb.<br \/>\u00a0\u00abVu que M. Abadou souffre de probl\u00e8mes de sant\u00e9 qui l\u2019emp\u00eachent d\u2019assumer ses fonctions, la gestion de l\u2019ONM est confi\u00e9e, jusqu\u2019\u00e0 nouvel ordre, \u00e0 M. Mohand Ouamar Benlhadj, membre du secr\u00e9tariat national, charg\u00e9 de la publication et de la documentation\u00bb, a pr\u00e9cis\u00e9 un communiqu\u00e9 de cette organisation.<br \/>\u00abSoucieuse d\u2019\u00eatre au diapason des \u00e9v\u00e8nements marquant la sc\u00e8ne nationale, l\u2019ONM a exprim\u00e9, clairement, son soutien aux revendications l\u00e9gitimes du mouvement populaire\u00bb, a soulign\u00e9 le communiqu\u00e9.<\/p>\n<p>Auteur: elmoudjahid<br \/>\n<a href=\"http:\/\/www.elmoudjahid.com\/fr\/actualites\/137408\">Cliquez ici pour lire l&rsquo;article depuis sa source.<\/a><\/p>\n","protected":false},"excerpt":{"rendered":"<p>Le secr\u00e9tariat g\u00e9n\u00e9ral de l\u2019Organisation nationale des Moudjahidine (ONM) a annonc\u00e9, hier, que M. Mohand Ouamar Benlhadj est d\u00e9sormais charg\u00e9 de la gestion des affaires de l\u2019organisation, en remplacement de son Secr\u00e9taire G\u00e9n\u00e9ral Said Abadou, incapable d\u2019assumer ses fonctions pour des \u00abraisons de sant\u00e9\u00bb.\u00a0\u00abVu que M. Abadou souffre de probl\u00e8mes de sant\u00e9 qui l\u2019emp\u00eachent d\u2019assumer [&hellip;]<\/p>\n","protected":false},"author":1744,"featured_media":0,"comment_status":"closed","ping_status":"closed","sticky":false,"template":"","format":"standard","meta":{"fifu_image_url":"","fifu_image_alt":"","footnotes":""},"categories":[73,53],"tags":[],"class_list":["post-37155","post","type-post","status-publish","format-standard","hentry","category-actualite","category-algerie"],"_links":{"self":[{"href":"https:\/\/linitiative.ca\/International\/wp-json\/wp\/v2\/posts\/37155","targetHints":{"allow":["GET"]}}],"collection":[{"href":"https:\/\/linitiative.ca\/International\/wp-json\/wp\/v2\/posts"}],"about":[{"href":"https:\/\/linitiative.ca\/International\/wp-json\/wp\/v2\/types\/post"}],"author":[{"embeddable":true,"href":"https:\/\/linitiative.ca\/International\/wp-json\/wp\/v2\/users\/1744"}],"replies":[{"embeddable":true,"href":"https:\/\/linitiative.ca\/International\/wp-json\/wp\/v2\/comments?post=37155"}],"version-history":[{"count":0,"href":"https:\/\/linitiative.ca\/International\/wp-json\/wp\/v2\/posts\/37155\/revisions"}],"wp:attachment":[{"href":"https:\/\/linitiative.ca\/International\/wp-json\/wp\/v2\/media?parent=37155"}],"wp:term":[{"taxonomy":"category","embeddable":true,"href":"https:\/\/linitiative.ca\/International\/wp-json\/wp\/v2\/categories?post=37155"},{"taxonomy":"post_tag","embeddable":true,"href":"https:\/\/linitiative.ca\/International\/wp-json\/wp\/v2\/tags?post=37155"}],"curies":[{"name":"wp","href":"https:\/\/api.w.org\/{rel}","templated":true}]}}