{"id":37163,"date":"2019-05-28T08:34:32","date_gmt":"2019-05-28T12:34:32","guid":{"rendered":"https:\/\/linitiative.ca\/International\/larret-du-credit-0-impacte-les-ventes\/"},"modified":"2019-05-28T08:34:32","modified_gmt":"2019-05-28T12:34:32","slug":"larret-du-credit-0-impacte-les-ventes","status":"publish","type":"post","link":"https:\/\/linitiative.ca\/International\/larret-du-credit-0-impacte-les-ventes\/","title":{"rendered":"L\u2019arr\u00eat du cr\u00e9dit 0% impacte les ventes !"},"content":{"rendered":"<p class=\"p1\">La morosit\u00e9 qui frappe le march\u00e9 automobile dans le Royaume devrait-elle persister ? Si l\u2019on en croit les op\u00e9rateurs du secteur, la <strong>tendance baissi\u00e8re<\/strong> qui frappe une partie de la profession devrait s\u2019accentuer au fil des mois. Sans compter que l\u2019arr\u00eat du cr\u00e9dit \u00e0 taux n\u2019arrange gu\u00e8re la situation. <span class=\"Apple-converted-space\">\u00a0\u00a0<\/span><\/p>\n<div class=\"c10\"\/>\n<p class=\"p1\">Le constat est amer : l\u2019arr\u00eat du cr\u00e9dit \u00e0 taux z\u00e9ro \u00e0 fin avril dernier, a impact\u00e9 la bonne sant\u00e9 du march\u00e9 automobile des v\u00e9hicules neufs dans le Royaume. A parcourir les derni\u00e8res statistiques de l\u2019Association des importateurs de v\u00e9hicules au Maroc (Aivam), ce dernier a totalis\u00e9 un net recul de l\u2019ordre de -17 % de janvier \u00e0 fin avril de cette ann\u00e9e. Un net regain de forme qui devrait s\u2019accentuer aux dires de certains professionnels, les chiffres du mois de mai devant \u00e0 cet effet confirmer cette tendance baissi\u00e8re.<\/p>\n<p class=\"p1\">C\u2019est le segment des voitures particuli\u00e8res qui a le plus souffert de cette situation puisque, toujours selon les statistiques de l\u2019Aivam, il s\u2019est vendu 10 765 unit\u00e9s seulement, soit un net recul de 49,3%. Faut-il pr\u00e9ciser que le cr\u00e9dit \u00e0 taux z\u00e9ro, tr\u00e8s pris\u00e9 par les m\u00e9nages marocains et jusqu\u2019\u00e0 peu disponible au sein des soci\u00e9t\u00e9s de financement de la place, a jusqu\u2019alors contribu\u00e9 au bon d\u00e9veloppement des chiffres de ventes.<\/p>\n<p class=\"p1\">Toutefois, si cette formule de cr\u00e9dit leur a permis d\u2019occuper une place de choix sur les march\u00e9s financiers, notamment face aux offres attractives des banques, la rentabilit\u00e9<span class=\"Apple-converted-space\">\u00a0<\/span> n\u2019a jamais vraiment \u00e9t\u00e9 au rendez-vous. Selon cet analyste financier, <em>\u00able cr\u00e9dit \u00e0 taux 0% n\u2019\u00e9tait pas exempt de tous reproches. Celui qui y souscrit doit s\u2019acquitter de frais de dossier \u00e9lev\u00e9s, associ\u00e9s \u00e0 un montant d\u2019emprunt sup\u00e9rieur au prix du v\u00e9hicule affich\u00e9 en concession. Soit, une pratique qui va notamment \u00e0 l\u2019encontre de l\u2019article 102 de la loi sur la protection des consommateurs\u00bb<\/em>.<\/p>\n<p class=\"p4\"><span class=\"c11\"><strong>R\u00e9action en cha\u00eene<\/strong><\/span><\/p>\n<p class=\"p5\"><span class=\"s1\">U<\/span><span class=\"s1\">ne nouvelle donne dont les m\u00e9canismes ne sont pas forc\u00e9ment bien per\u00e7us par le consommateur. De quoi embarrasser \u00e9galement les op\u00e9rateurs automobiles vis-\u00e0-vis de leurs clients, sachant que de nombreux dossiers de financement avaient \u00e9t\u00e9 effectu\u00e9s durant le mois de mars et sont demeur\u00e9s en souffrance. <\/span><\/p>\n<p class=\"p5\"><span class=\"s1\"><em>\u00abSuite aux nouvelles directives faisant \u00e9tat de la suppression du cr\u00e9dit \u00e0 taux z\u00e9ro, les clients ont vu leurs dossiers rejet\u00e9s de facto, se retrouvant devant le fait accompli\u00bb<\/em>, nous explique ce responsable de marque automobile \u00e0 Casablanca. Et de poursuivre : <em>\u00abC\u2019est d\u2019autant plus dommageable pour le client que cette nouvelle donne nous a contraints \u00e0 revoir nos grilles tarifaires \u00e0 la hausse, tout en pr\u00e9servant sur certains mod\u00e8les des offres attractives pour le moins all\u00e9chantes<\/em>\u00bb. Et de conclure : <em>\u00absans \u00eatre pessimiste, l\u2019exercice automobile 2019 nous r\u00e9serve encore bien des surprises\u00bb<\/em>.\u00a0<\/span><\/p>\n<div class=\"c18\">\n<fieldset class=\"c17\">\n<legend><strong><span class=\"c12\">Challenge<\/span><span class=\"c13\">news<\/span><\/strong><\/legend>\n<div class=\"c16\">Le meilleur de la r\u00e9daction s\u00e9lectionn\u00e9 par Challenge :<\/p>\n<\/div>\n<\/fieldset>\n<\/div>\n<p>Auteur: David J\u00e9r\u00e9mie<br \/>\n<a href=\"https:\/\/www.challenge.ma\/larret-du-credit-0-impacte-les-ventes-109707\/\">Cliquez ici pour lire l&rsquo;article depuis sa source.<\/a><\/p>\n","protected":false},"excerpt":{"rendered":"<p>La morosit\u00e9 qui frappe le march\u00e9 automobile dans le Royaume devrait-elle persister ? Si l\u2019on en croit les op\u00e9rateurs du secteur, la tendance baissi\u00e8re qui frappe une partie de la profession devrait s\u2019accentuer au fil des mois. Sans compter que l\u2019arr\u00eat du cr\u00e9dit \u00e0 taux n\u2019arrange gu\u00e8re la situation. \u00a0\u00a0 Le constat est amer : [&hellip;]<\/p>\n","protected":false},"author":1787,"featured_media":0,"comment_status":"closed","ping_status":"closed","sticky":false,"template":"","format":"standard","meta":{"fifu_image_url":"","fifu_image_alt":"","footnotes":""},"categories":[78,54],"tags":[],"class_list":["post-37163","post","type-post","status-publish","format-standard","hentry","category-economie","category-maroc"],"_links":{"self":[{"href":"https:\/\/linitiative.ca\/International\/wp-json\/wp\/v2\/posts\/37163","targetHints":{"allow":["GET"]}}],"collection":[{"href":"https:\/\/linitiative.ca\/International\/wp-json\/wp\/v2\/posts"}],"about":[{"href":"https:\/\/linitiative.ca\/International\/wp-json\/wp\/v2\/types\/post"}],"author":[{"embeddable":true,"href":"https:\/\/linitiative.ca\/International\/wp-json\/wp\/v2\/users\/1787"}],"replies":[{"embeddable":true,"href":"https:\/\/linitiative.ca\/International\/wp-json\/wp\/v2\/comments?post=37163"}],"version-history":[{"count":0,"href":"https:\/\/linitiative.ca\/International\/wp-json\/wp\/v2\/posts\/37163\/revisions"}],"wp:attachment":[{"href":"https:\/\/linitiative.ca\/International\/wp-json\/wp\/v2\/media?parent=37163"}],"wp:term":[{"taxonomy":"category","embeddable":true,"href":"https:\/\/linitiative.ca\/International\/wp-json\/wp\/v2\/categories?post=37163"},{"taxonomy":"post_tag","embeddable":true,"href":"https:\/\/linitiative.ca\/International\/wp-json\/wp\/v2\/tags?post=37163"}],"curies":[{"name":"wp","href":"https:\/\/api.w.org\/{rel}","templated":true}]}}