{"id":37185,"date":"2019-05-28T06:00:00","date_gmt":"2019-05-28T10:00:00","guid":{"rendered":"https:\/\/linitiative.ca\/International\/prison-ferme-et-incarceration-imminente-pour-lhomme-fort-du-pouvoir\/"},"modified":"2019-05-28T06:00:00","modified_gmt":"2019-05-28T10:00:00","slug":"prison-ferme-et-incarceration-imminente-pour-lhomme-fort-du-pouvoir","status":"publish","type":"post","link":"https:\/\/linitiative.ca\/International\/prison-ferme-et-incarceration-imminente-pour-lhomme-fort-du-pouvoir\/","title":{"rendered":"<div>Prison ferme et incarc\u00e9ration imminente pour l&rsquo;homme fort du pouvoir<\/div>"},"content":{"rendered":"<p>L&rsquo;homme fort de la Roumanie, le patron de la gauche Liviu Dragnea, a \u00e9t\u00e9 condamn\u00e9 hier \u00e0 une peine de trois ans et demi de prison ferme dans son proc\u00e8s en appel pour d\u00e9tournement de fonds publics, ce qui l&rsquo;expose \u00e0 une incarc\u00e9ration imminente au lendemain d&rsquo;un cuisant revers aux Europ\u00e9ennes.\u00a0<br \/>La Haute Cour de Cassation de Roumanie, qui prononce \u00e9galement des jugements en appel pour les responsables politiques, a confirm\u00e9 le verdict prononc\u00e9 en juin dernier contre le chef du Parti social-d\u00e9mocrate (PSD) au pouvoir. M. Dragnea, 56 ans, qui n&rsquo;\u00e9tait pas pr\u00e9sent dans la salle d&rsquo;audience, dispose de 24 heures pour se rendre au commissariat de police le plus proche afin d&rsquo;ex\u00e9cuter la sentence qui risque de plomber \u00e0 long terme les ambitions politiques de cet \u00e9lu controvers\u00e9 qui avait men\u00e9 les sociaux-d\u00e9mocrates \u00e0 une large victoire aux l\u00e9gislatives de d\u00e9cembre 2016. Liivu Dragnea a \u00e9t\u00e9 emp\u00each\u00e9 de briguer le poste de Premier ministre en raison d&rsquo;une condamnation avec sursis dans un autre dossier judiciaire, portant sur des fraudes \u00e9lectorales. Ses d\u00e9tracteurs l&rsquo;accusent de chercher \u00e0 assouplir le code p\u00e9nal afin d&rsquo;\u00e9chapper aux diff\u00e9rentes proc\u00e9dures le visant.\u00a0<br \/>R\u00e9guli\u00e8rement pris \u00e0 partie par la Commission europ\u00e9enne et par le pr\u00e9sident de centre droit Klaus Iohannis, qui lui reprochent de saper l&rsquo;Etat de droit, le dirigeant a \u00e9galement subi un revers dans les urnes dimanche.\u00a0<br \/>Cet homme svelte, \u00e0 la moustache grisonnante, avait encaiss\u00e9 dans la soir\u00e9e le recul de quelque 13 points de son parti aux Europ\u00e9ennes, \u00e0 moins de 25% des suffrages, selon les r\u00e9sultats partiels. Il a qualifi\u00e9 de \u00abtemp\u00eate de haine\u00bb les critiques dont il fait l&rsquo;objet lundi. Le scrutin \u00e9tait coupl\u00e9 \u00e0 un r\u00e9f\u00e9rendum antigouvernemental organis\u00e9 par M. Iohannis contre les r\u00e9formes judiciaires de la gauche. La consultation ayant atteint le quorum requis pour \u00eatre valid\u00e9, fix\u00e9 \u00e0 30%, les analystes pronostiquent l\u00e0 encore une d\u00e9faite de la majorit\u00e9. Les r\u00e9sultats de la consultation sont attendus.\u00a0<br \/>Balayant les critiques concernant ses tentatives d&rsquo;assouplir la l\u00e9gislation anti-corruption, M. Dragnea assure r\u00e9guli\u00e8rement que ces mesures sont destin\u00e9es \u00e0 combattre des abus de pouvoir de certains magistrats, qu&rsquo;il accuse d&rsquo;\u00eatre instrumentalis\u00e9s pour lui nuire. \u00abSi les juges r\u00e9sistent aux pressions, qui sont inimaginables, je serai acquitt\u00e9 car je suis innocent\u00bb, avait-il affirm\u00e9 dimanche soir. En premi\u00e8re instance, il avait \u00e9t\u00e9 reconnu coupable d&rsquo;avoir fait pression pour que deux employ\u00e9es locales du PSD soient fictivement embauch\u00e9es par les services de la protection de l&rsquo;enfance dans son fief de Teleorman (sud). Outre son appel, M. Dragnea a introduit plusieurs recours devant la Cour constitutionnelle, esp\u00e9rant invalider la proc\u00e9dure. La Cour doit rendre une premi\u00e8re d\u00e9cision le 5 juin, trop tard toutefois pour le sauver en cas de condamnation, estiment des analystes. Le chef du PSD a \u00e9galement cr\u00e9\u00e9 la surprise dimanche en annon\u00e7ant qu&rsquo;il ne se pr\u00e9senterait pas contre M. Iohannis \u00e0 l&rsquo;\u00e9lection pr\u00e9sidentielle pr\u00e9vue fin 2019, contrairement \u00e0 ce qu&rsquo;il laissait entendre depuis des mois. La r\u00e9forme judiciaire engag\u00e9e par le dirigeant a valu d\u00e9but mai \u00e0 Bucarest un rappel \u00e0 l&rsquo;ordre de la Commission europ\u00e9enne, qui a pr\u00e9venu que la Roumanie s&rsquo;exposait \u00e0 des sanctions \u00abimminentes\u00bb si elle persistait dans cette voie. M. Dragnea, qui a multipli\u00e9 les discours souverainistes ces derniers mois, a rejet\u00e9 ces critiques, accusant Bruxelles d&rsquo;utiliser \u00abdeux poids deux mesures\u00bb \u00e0 l&rsquo;\u00e9gard de son pays. Selon les analystes, cette offensive contre le monde judiciaire et ce tournant eurosceptique expliquent le recul du PSD dans les urnes. Le dirigeant, qui a fait tomber deux Premiers ministres de son propre camp en l&rsquo;espace de sept mois et a exclu de son parti plusieurs responsables qui l&rsquo;avaient critiqu\u00e9, ne se reconna\u00eet qu&rsquo;un unique tort : \u00abMa seule faute est d&rsquo;avoir accept\u00e9 de devenir le pr\u00e9sident du PSD\u00bb en 2015, a-t-il d\u00e9clar\u00e9 dimanche.<\/p>\n<p>Auteur:<br \/>\n<a href=\"https:\/\/www.lesoirdalgerie.com\/monde\/prison-ferme-et-incarceration-imminente-pour-lhomme-fort-du-pouvoir-24577\">Cliquez ici pour lire l&rsquo;article depuis sa source.<\/a><\/p>\n","protected":false},"excerpt":{"rendered":"<p>L&rsquo;homme fort de la Roumanie, le patron de la gauche Liviu Dragnea, a \u00e9t\u00e9 condamn\u00e9 hier \u00e0 une peine de trois ans et demi de prison ferme dans son proc\u00e8s en appel pour d\u00e9tournement de fonds publics, ce qui l&rsquo;expose \u00e0 une incarc\u00e9ration imminente au lendemain d&rsquo;un cuisant revers aux Europ\u00e9ennes.\u00a0La Haute Cour de Cassation [&hellip;]<\/p>\n","protected":false},"author":1741,"featured_media":0,"comment_status":"closed","ping_status":"closed","sticky":false,"template":"","format":"standard","meta":{"fifu_image_url":"","fifu_image_alt":"","footnotes":""},"categories":[73,53],"tags":[],"class_list":["post-37185","post","type-post","status-publish","format-standard","hentry","category-actualite","category-algerie"],"_links":{"self":[{"href":"https:\/\/linitiative.ca\/International\/wp-json\/wp\/v2\/posts\/37185","targetHints":{"allow":["GET"]}}],"collection":[{"href":"https:\/\/linitiative.ca\/International\/wp-json\/wp\/v2\/posts"}],"about":[{"href":"https:\/\/linitiative.ca\/International\/wp-json\/wp\/v2\/types\/post"}],"author":[{"embeddable":true,"href":"https:\/\/linitiative.ca\/International\/wp-json\/wp\/v2\/users\/1741"}],"replies":[{"embeddable":true,"href":"https:\/\/linitiative.ca\/International\/wp-json\/wp\/v2\/comments?post=37185"}],"version-history":[{"count":0,"href":"https:\/\/linitiative.ca\/International\/wp-json\/wp\/v2\/posts\/37185\/revisions"}],"wp:attachment":[{"href":"https:\/\/linitiative.ca\/International\/wp-json\/wp\/v2\/media?parent=37185"}],"wp:term":[{"taxonomy":"category","embeddable":true,"href":"https:\/\/linitiative.ca\/International\/wp-json\/wp\/v2\/categories?post=37185"},{"taxonomy":"post_tag","embeddable":true,"href":"https:\/\/linitiative.ca\/International\/wp-json\/wp\/v2\/tags?post=37185"}],"curies":[{"name":"wp","href":"https:\/\/api.w.org\/{rel}","templated":true}]}}