{"id":37192,"date":"2019-05-27T07:46:02","date_gmt":"2019-05-27T11:46:02","guid":{"rendered":"https:\/\/linitiative.ca\/International\/vers-ladoption-de-politiques-mondiales-qui-guideront-la-planification-des-villes\/"},"modified":"2019-05-27T07:46:02","modified_gmt":"2019-05-27T11:46:02","slug":"vers-ladoption-de-politiques-mondiales-qui-guideront-la-planification-des-villes","status":"publish","type":"post","link":"https:\/\/linitiative.ca\/International\/vers-ladoption-de-politiques-mondiales-qui-guideront-la-planification-des-villes\/","title":{"rendered":"Vers l\u2019adoption de politiques mondiales qui guideront la planification des villes"},"content":{"rendered":"<p class=\"c4\"><span class=\"c3\"><strong><span class=\"c2\">L<\/span>a Premi\u00e8re Assembl\u00e9e du Programme des Nations Unies pour les \u00c9tablissements Humains (ONU-Habitat), qui ouvrira ses travaux lundi dans la capitale k\u00e9nyane, Nairobi, devra \u00eatre sanctionn\u00e9e, selon les organisateurs, par l\u2019adoption de normes et de politiques mondiales qui devront guider la planification, la gestion et la gouvernance des villes et des communaut\u00e9s.<\/strong><\/span><\/p>\n<p class=\"c4\">Plac\u00e9e sous le th\u00e8me: \u00abInnovation pour une meilleure qualit\u00e9 de vie dans les villes et les communaut\u00e9s \u2013 Mise en \u0153uvre acc\u00e9l\u00e9r\u00e9e du nouveau programme urbain pour la r\u00e9alisation des objectifs de d\u00e9veloppement durable\u00bb, l\u2019Assembl\u00e9e d\u2019ONU-Habitat devra aussi d\u00e9terminer les priorit\u00e9s strat\u00e9giques pour acc\u00e9l\u00e9rer la mise en \u0153uvre du \u00abNouvel Agenda Urbain\u00bb afin de r\u00e9aliser les objectifs de d\u00e9veloppement durable pour les six prochaines ann\u00e9es, par le biais du plan strat\u00e9gique d\u2019ONU-Habitat (2020-2025).<\/p>\n<p class=\"c4\">Le \u00abNouvel agenda urbain\u00bb destin\u00e9 \u00e0 rendre les villes plus inclusives, plus s\u00fbres, plus r\u00e9silientes et plus durables a \u00e9t\u00e9 adopt\u00e9 par la Conf\u00e9rence 2016 des Nations Unies sur le logement et le d\u00e9veloppement urbain durable (Habitat III) tenue \u00e0 Quito, en \u00c9quateur, rappelle-t-on.<\/p>\n<p class=\"c4\">Selon l\u2019ONU-Habitat, \u00able nouvel agenda urbain\u00bb est un programme ambitieux qui doit permettre de rendre les villes et les \u00e9tablissements humains plus inclusifs et garantir que tout le monde puisse b\u00e9n\u00e9ficier de l\u2019urbanisation, en accordant une attention particuli\u00e8re \u00e0 ceux qui sont en situation de vuln\u00e9rabilit\u00e9.<\/p>\n<p class=\"c4\">Il comprend notamment un appel \u00e0 l\u2019\u00e9galit\u00e9 des chances, \u00e0 l\u2019\u00e9limination des discriminations, \u00e0 des villes plus propres, au renforcement de la r\u00e9silience et \u00e0 la r\u00e9duction des \u00e9missions de carbone, au plein respect des droits des migrants et des r\u00e9fugi\u00e9s, quel que soit leur statut, \u00e0 l\u2019am\u00e9lioration de la connectivit\u00e9 et \u00e0 la promotion d\u2019espaces publics verts, s\u00fbrs et accessibles.<\/p>\n<p class=\"c4\">L\u2019agenda ne fixe pas des objectifs sp\u00e9cifiques contraignants, mais il s\u2019agit plut\u00f4t d\u2019une \u00abvision partag\u00e9e\u00bb qui \u00e9tablit des normes pour la transformation des zones urbaines en endroits plus s\u00fbrs, plus r\u00e9silients et plus durables.<\/p>\n<p class=\"c4\">Selon les organisateurs, la premi\u00e8re Assembl\u00e9e d\u2019ONU Habitat se veut l\u2019occasion idoine pour tous les acteurs de l\u2019urbanisation, y compris les gouvernements nationaux et locaux, les entreprises, la soci\u00e9t\u00e9 civile et d\u2019autres acteurs, de se lancer dans une semaine d\u2019interaction dynamique et d\u2019\u00e9changes.<\/p>\n<p class=\"c4\">L\u2019Assembl\u00e9e qui regroupe les 193 \u00c9tats membres des Nations Unies, devrait prendre des d\u00e9cisions et adopter des r\u00e9solutions qui vont d\u00e9finir le programme mondial pour l\u2019urbanisation, examiner les grandes tendances, \u00e9laborer des normes et standards relatifs \u00e0 l\u2019urbanisation durable et aux \u00e9tablissements humains, et fournir des orientations strat\u00e9giques.<\/p>\n<p class=\"c4\">L\u2019Assembl\u00e9e d\u2019ONU-Habitat a pour objectif de relever les d\u00e9fis de l\u2019urbanisation (pauvret\u00e9 urbaine, marginalisation, ch\u00f4mage, changement climatique, crises humanitaires, etc.) et de proposer des solutions novatrices, notamment pour acc\u00e9l\u00e9rer la mise en \u0153uvre du nouvel agenda urbain et atteindre les objectifs de d\u00e9veloppement durable (ODD).<br \/>Elle offre la possibilit\u00e9 de former des alliances strat\u00e9giques pour faire avancer le programme d\u2019urbanisation durable et d\u2019\u00e9tablissements humains tout en mobilisant un appui politique et financier solide en faveur du plan strat\u00e9gique d\u2019ONU-Habitat et de son r\u00f4le de centre d\u2019excellence et de leader mondial sur le terrain.<\/p>\n<p class=\"c4\">L\u2019Assembl\u00e9e d\u2019ONU-Habitat devra aussi trouver les solutions innovantes sur la fa\u00e7on dont les villes et les villages sont planifi\u00e9s, con\u00e7us, g\u00e9r\u00e9s et gouvern\u00e9s pour assurer une bonne qualit\u00e9 de vie \u00e0 tous, conform\u00e9ment au Nouvel agenda urbain et \u00e0 l\u2019ODD 11.<\/p>\n<p class=\"c4\">Le Maroc est repr\u00e9sent\u00e9 \u00e0 cette Assembl\u00e9e par une d\u00e9l\u00e9gation conduite par le ministre de l\u2019Am\u00e9nagement du Territoire National, de l\u2019Urbanisme, de l\u2019Habitat et de la Politique de la Ville, M. Abdelahad Fassi Fehri, en compagnie de la Secr\u00e9taire d\u2019\u00c9tat Charg\u00e9e de l\u2019Habitat, Mme Fatna El-K\u2019hiel.<\/p>\n<p class=\"c4\">La pr\u00e9sentation de l\u2019exp\u00e9rience marocaine dans le cadre de la mise en \u0153uvre du Nouvel Agenda urbain sera au centre des \u00e9v\u00e9nements programm\u00e9s en marge de cette Assembl\u00e9e, rappelle-t-on.<\/p>\n<p class=\"c5\"><strong>Labrim Abdelouahed<\/strong> (MAP)<\/p>\n<p>Auteur: rahal mehamed<br \/>\n<a href=\"http:\/\/albayane.press.ma\/vers-ladoption-de-politiques-mondiales-qui-guideront-la-planification-des-villes.html\">Cliquez ici pour lire l&rsquo;article depuis sa source.<\/a><\/p>\n","protected":false},"excerpt":{"rendered":"<p>La Premi\u00e8re Assembl\u00e9e du Programme des Nations Unies pour les \u00c9tablissements Humains (ONU-Habitat), qui ouvrira ses travaux lundi dans la capitale k\u00e9nyane, Nairobi, devra \u00eatre sanctionn\u00e9e, selon les organisateurs, par l\u2019adoption de normes et de politiques mondiales qui devront guider la planification, la gestion et la gouvernance des villes et des communaut\u00e9s. Plac\u00e9e sous le [&hellip;]<\/p>\n","protected":false},"author":1760,"featured_media":0,"comment_status":"closed","ping_status":"closed","sticky":false,"template":"","format":"standard","meta":{"fifu_image_url":"","fifu_image_alt":"","footnotes":""},"categories":[73,54],"tags":[],"class_list":["post-37192","post","type-post","status-publish","format-standard","hentry","category-actualite","category-maroc"],"_links":{"self":[{"href":"https:\/\/linitiative.ca\/International\/wp-json\/wp\/v2\/posts\/37192","targetHints":{"allow":["GET"]}}],"collection":[{"href":"https:\/\/linitiative.ca\/International\/wp-json\/wp\/v2\/posts"}],"about":[{"href":"https:\/\/linitiative.ca\/International\/wp-json\/wp\/v2\/types\/post"}],"author":[{"embeddable":true,"href":"https:\/\/linitiative.ca\/International\/wp-json\/wp\/v2\/users\/1760"}],"replies":[{"embeddable":true,"href":"https:\/\/linitiative.ca\/International\/wp-json\/wp\/v2\/comments?post=37192"}],"version-history":[{"count":0,"href":"https:\/\/linitiative.ca\/International\/wp-json\/wp\/v2\/posts\/37192\/revisions"}],"wp:attachment":[{"href":"https:\/\/linitiative.ca\/International\/wp-json\/wp\/v2\/media?parent=37192"}],"wp:term":[{"taxonomy":"category","embeddable":true,"href":"https:\/\/linitiative.ca\/International\/wp-json\/wp\/v2\/categories?post=37192"},{"taxonomy":"post_tag","embeddable":true,"href":"https:\/\/linitiative.ca\/International\/wp-json\/wp\/v2\/tags?post=37192"}],"curies":[{"name":"wp","href":"https:\/\/api.w.org\/{rel}","templated":true}]}}