{"id":37195,"date":"2019-05-28T05:20:29","date_gmt":"2019-05-28T09:20:29","guid":{"rendered":"https:\/\/linitiative.ca\/International\/alors-que-la-presidentielle-du-4-juillet-sera-probablement-annulee-lincontournable-transition\/"},"modified":"2019-05-28T05:20:29","modified_gmt":"2019-05-28T09:20:29","slug":"alors-que-la-presidentielle-du-4-juillet-sera-probablement-annulee-lincontournable-transition","status":"publish","type":"post","link":"https:\/\/linitiative.ca\/International\/alors-que-la-presidentielle-du-4-juillet-sera-probablement-annulee-lincontournable-transition\/","title":{"rendered":"Alors que la pr\u00e9sidentielle du 4 juillet sera probablement annul\u00e9e : L\u2019incontournable transition"},"content":{"rendered":"<h4 class=\"title-14\"\/>\n<div class=\"featured_image\"><img width=\"800\" height=\"632\" data-cfsrc=\"https:\/\/www.elwatan.com\/wp-content\/uploads\/2019\/05\/manif1-e1557536844275.jpeg\" class=\"attachment-post-thumbnail size-post-thumbnail wp-post-image c1\" alt=\"\"\/><noscript><\/p>\n<p><img loading=\"lazy\" decoding=\"async\" width=\"800\" height=\"632\" src=\"https:\/\/www.elwatan.com\/wp-content\/uploads\/2019\/05\/manif1-e1557536844275.jpeg\" class=\"attachment-post-thumbnail size-post-thumbnail wp-post-image\" alt=\"\"\/><\/p>\n<p><\/noscript> <span class=\"featured-image-caption\">Photo : B . Souhil<\/span><\/div>\n<p>Comment sortir de l\u2019impasse politique actuelle\u00a0? La solution constitutionnelle, pr\u00f4n\u00e9e par les d\u00e9tenteurs du pouvoir r\u00e9el, est-elle encore de mise\u00a0? Il ne reste, visiblement, plus de chance au \u00abcadre constitutionnel\u00bb et \u00e0 la tenue d\u2019une \u00e9lection pr\u00e9sidentielle en application de l\u2019article 102 de la Constitution.<\/p>\n<p>En attendant une officialisation de l\u2019abandon de cette option par le Conseil constitutionnel \u2013 qui aura \u00e0 statuer sur les dossiers des deux candidats engag\u00e9s officiellement dans cette course \u2013 le rendez-vous du 4 juillet prochain est compromis. Il l\u2019\u00e9tait d\u00e9j\u00e0 bien avant la d\u00e9fection des candidats \u00e0 la candidature qui n\u2019ont pas fait la queue devant l\u2019institution de Kamel Fenniche.<\/p>\n<p>Cette \u00e9ch\u00e9ance est rejet\u00e9e, auparavant, par le r\u00e9f\u00e9rendum de la rue o\u00f9 des millions d\u2019Alg\u00e9riens se sont prononc\u00e9s, en toute transparence et sans interm\u00e9diaires, contre la tenue de cette \u00e9lection et pour le d\u00e9part de tout le syst\u00e8me et ses repr\u00e9sentants. En effet, la feuille de route propos\u00e9e par les tenants du r\u00e9gime est rejet\u00e9e en gros et dans le d\u00e9tail. \u00abLe 4 juillet, il y aura une marche\u00bb, lancent les manifestants qui ass\u00e8nent encore\u00a0: \u00abPas d\u2019\u00e9lection, yal issaba\u00a0!\u00bb<\/p>\n<p>Malgr\u00e9 le verdict du corps \u00e9lectoral, les tenants du r\u00e9gime se sont accroch\u00e9s \u00e0 cette \u00e9ch\u00e9ance comme une derni\u00e8re tentative, selon des observateurs, de sauver le syst\u00e8me d\u2019un effondrement total.<br \/>Toutefois, le sc\u00e9nario de samedi dernier o\u00f9 les candidats potentiels ont d\u00e9cid\u00e9, sans doute en raison de leur incapacit\u00e9 \u00e0 recueillir les 60\u00a0000 signatures d\u2019\u00e9lecteurs, de bouder l\u2019\u00e9ch\u00e9ance a eu l\u2019effet d\u2019une gifle pour les d\u00e9fenseurs du \u00abrespect du cadre constitutionnel\u00bb.<\/p>\n<p><strong>Un consensus se dessine<\/strong><\/p>\n<p>Finalement, ces derniers ont fait perdre beaucoup de temps au pays, sans pour autant r\u00e9soudre la crise, qui risque de s\u2019aggraver encore si les voix du peuple et de la majorit\u00e9 (personnalit\u00e9s, partis et soci\u00e9t\u00e9 civile) ne sont pas \u00e9cout\u00e9es. Celles-ci appellent toutes \u00e0 une p\u00e9riode de transitionconduite par des personnalit\u00e9s accept\u00e9es par le mouvement populaire et qui ne se sont pas compromises avec l\u2019ancien r\u00e9gime. Il y a m\u00eame un consensus autour de cette option. Toutes les propositions enregistr\u00e9es jusque-l\u00e0 convergent vers un m\u00eame objectif\u00a0: instaurer un Etat de droit et une v\u00e9ritable d\u00e9mocratie.<\/p>\n<p>Apr\u00e8s les partis politiques de l\u2019opposition, toutes tendances confondues, les acteurs de la soci\u00e9t\u00e9 civile et les personnalit\u00e9s, l\u2019Organisation nationale des moudjahidine (ONM) \u2013 qui d\u2019habitude \u00e9pouse les positions du pouvoir \u2013 plaide, elle aussi, pour une p\u00e9riode de transition et sugg\u00e8re \u00able cautionnement ou l\u2019\u00e9lection d\u2019une personnalit\u00e9 nationale ou d\u2019une instance regroupant plusieurs personnalit\u00e9s qui superviserait la direction de l\u2019\u00e9tape de transition pour une dur\u00e9e maximale d\u2019une ann\u00e9e\u00bb.<\/p>\n<p>Expliquant que cette p\u00e9riode de transition ne doit pas d\u00e9passer une ann\u00e9e, l\u2019ONM propose aussi la mise en place d\u2019un gouvernement de technocrates par les dirigeants de la p\u00e9riode de transition. \u00abCe gouvernement ne sera pas en droit d\u2019avoir un lien direct avec le processus \u00e9lectoral\u00a0; il se chargera plut\u00f4t de la mise en place des diff\u00e9rents moyens pour l\u2019organisation de ces \u00e9ch\u00e9ances\u00bb, indique l\u2019ONM.<\/p>\n<p>Que dira le chef d\u2019\u00e9tat-major de l\u2019ANP, Ahmed Ga\u00efd Salah, face \u00e0 cette situation\u00a0? L\u2019arm\u00e9e et la Pr\u00e9sidence abandonneront-elles leur plan initial o\u00f9 s\u2019ent\u00eateront-elles \u00e0 imposer la voie constitutionnelle\u00a0?<\/p>\n<div class=\"yuzo_related_post style-1\" data-version=\"5.12.88\">\n<p><h3>Related Post<\/h3>\n<\/p>\n<div class=\"yuzo_wraps\">\n<div class=\"relatedthumb relatedpost-570179 c11\"><a href=\"https:\/\/www.elwatan.com\/edition\/actualite\/on-vous-le-dit-4011-16-04-2019\"\/><\/p>\n<p><span class=\"yuzo__text--title c10\">On vous le dit<\/span><\/div>\n<div class=\"relatedthumb relatedpost-565063 c11\"><a href=\"https:\/\/www.elwatan.com\/edition\/international\/elections-europeennes-facebook-lancera-son-dispositif-de-transparence-fin-mars-21-03-2019\"\/><\/p>\n<p><span class=\"yuzo__text--title c10\">\u00c9lections europ\u00e9ennes :\u00a0Facebook lancera son dispo&#8230;<\/span><\/div>\n<div class=\"relatedthumb relatedpost-202980 c11\"><a href=\"https:\/\/www.elwatan.com\/edition\/sports\/handball-aribi-nouveau-president-du-mcs-01-12-2018\"\/><\/p>\n<p><span class=\"yuzo__text--title c10\">Handball : Aribi nouveau pr\u00e9sident du MCS<\/span><\/div>\n<div class=\"relatedthumb relatedpost-559070 c11\"><a href=\"https:\/\/www.elwatan.com\/edition\/culture\/la-realisatrice-nadine-labaki-pour-faire-bouger-les-choses-au-liban-19-02-2019\"\/><\/p>\n<p><span class=\"yuzo__text--title c10\">La r\u00e9alisatrice, Nadine Labaki, pour faire bouger &#8230;<\/span><\/div>\n<\/div>\n<\/div>\n<p><span class=\"post-views-label\">Post Views:<\/span> <span class=\"post-views-count\">2\u00a0097<\/span><\/p>\n<p>Auteur: Hicham Chouadria<br \/>\n<a href=\"https:\/\/www.elwatan.com\/a-la-une\/alors-que-la-presidentielle-du-4-juillet-sera-probablement-annulee-lincontournable-transition-28-05-2019\">Cliquez ici pour lire l&rsquo;article depuis sa source.<\/a><\/p>\n","protected":false},"excerpt":{"rendered":"<p>Photo : B . Souhil Comment sortir de l\u2019impasse politique actuelle\u00a0? La solution constitutionnelle, pr\u00f4n\u00e9e par les d\u00e9tenteurs du pouvoir r\u00e9el, est-elle encore de mise\u00a0? Il ne reste, visiblement, plus de chance au \u00abcadre constitutionnel\u00bb et \u00e0 la tenue d\u2019une \u00e9lection pr\u00e9sidentielle en application de l\u2019article 102 de la Constitution. En attendant une officialisation de [&hellip;]<\/p>\n","protected":false},"author":1743,"featured_media":37196,"comment_status":"closed","ping_status":"closed","sticky":false,"template":"","format":"standard","meta":{"fifu_image_url":"","fifu_image_alt":"","footnotes":""},"categories":[73,53],"tags":[],"class_list":["post-37195","post","type-post","status-publish","format-standard","has-post-thumbnail","hentry","category-actualite","category-algerie"],"_links":{"self":[{"href":"https:\/\/linitiative.ca\/International\/wp-json\/wp\/v2\/posts\/37195","targetHints":{"allow":["GET"]}}],"collection":[{"href":"https:\/\/linitiative.ca\/International\/wp-json\/wp\/v2\/posts"}],"about":[{"href":"https:\/\/linitiative.ca\/International\/wp-json\/wp\/v2\/types\/post"}],"author":[{"embeddable":true,"href":"https:\/\/linitiative.ca\/International\/wp-json\/wp\/v2\/users\/1743"}],"replies":[{"embeddable":true,"href":"https:\/\/linitiative.ca\/International\/wp-json\/wp\/v2\/comments?post=37195"}],"version-history":[{"count":0,"href":"https:\/\/linitiative.ca\/International\/wp-json\/wp\/v2\/posts\/37195\/revisions"}],"wp:featuredmedia":[{"embeddable":true,"href":"https:\/\/linitiative.ca\/International\/wp-json\/"}],"wp:attachment":[{"href":"https:\/\/linitiative.ca\/International\/wp-json\/wp\/v2\/media?parent=37195"}],"wp:term":[{"taxonomy":"category","embeddable":true,"href":"https:\/\/linitiative.ca\/International\/wp-json\/wp\/v2\/categories?post=37195"},{"taxonomy":"post_tag","embeddable":true,"href":"https:\/\/linitiative.ca\/International\/wp-json\/wp\/v2\/tags?post=37195"}],"curies":[{"name":"wp","href":"https:\/\/api.w.org\/{rel}","templated":true}]}}