{"id":37201,"date":"2019-05-27T08:01:30","date_gmt":"2019-05-27T12:01:30","guid":{"rendered":"https:\/\/linitiative.ca\/International\/bayane-sa-se-lance-dans-le-digital\/"},"modified":"2019-05-27T08:01:30","modified_gmt":"2019-05-27T12:01:30","slug":"bayane-sa-se-lance-dans-le-digital","status":"publish","type":"post","link":"https:\/\/linitiative.ca\/International\/bayane-sa-se-lance-dans-le-digital\/","title":{"rendered":"Bayane SA  se lance dans le digital"},"content":{"rendered":"<p class=\"c4\"><span class=\"c3\"><strong><span class=\"c2\">E<\/span>n gestation depuis plusieurs mois, le lancement des deux sites d\u2019information g\u00e9n\u00e9rale en arabe et en, fran\u00e7ais de la soci\u00e9t\u00e9 \u00abBayane SA\u00bb \u00e9ditrice des deux journaux Al Bayane et Bayane Al Yaoum, a \u00e9t\u00e9 officiellement annonc\u00e9 par le directeur de la publication et pr\u00e9sident du directoire, Mahtat Rakas. Ainsi, et apr\u00e8s quelques r\u00e9glages techniques administratifs, la maison sis \u00e0 la Gironde, \u00a0va lancer tr\u00e8s prochainement deux sites \u00e9lectronique en deux versions\u00a0: arabophone et francophone.<\/strong><\/span><\/p>\n<p class=\"c4\">Cette annonce a \u00e9t\u00e9 faite en\u00a0 marge du ftour collectif organis\u00e9 par la soci\u00e9t\u00e9 \u00e0 son si\u00e8ge jeudi dernier \u00e0 Casablanca en pr\u00e9sence de personnalit\u00e9 des mondes de la politiques, de l\u2019\u00e9conomie, des arts et de la culture et bien entendu de plusieurs confr\u00e8res et de responsables d\u2019agences de communication.<\/p>\n<p class=\"c4\">Dans son allocution de bienvenue, Mahtat Rakas a mis en exergue les efforts d\u00e9ploy\u00e9s depuis plusieurs ann\u00e9es pour la restructuration de l\u2019entreprise et le d\u00e9veloppement de ses publications de presse. Efforts qui ont permis de garantir la stabilit\u00e9 de l\u2019entreprise et le d\u00e9veloppement de ses activit\u00e9s. Dans ce cadre d\u2019ailleurs, intervient comme l\u2019a annonc\u00e9 Rakas, \u00a0la cr\u00e9ation d\u2019une nouvelle structure, \u00abMediasProgr\u00e8s\u00bb dont Al Bayane SA est actionnaire et qui sera \u00e9galement charg\u00e9 de volet gestionnaire, s\u2019inscrit dans le cadre d\u2019une nouvelle vision du top mangement.<\/p>\n<p class=\"c4\">Abondant dans le m\u00eame ordre d\u2019id\u00e9es,\u00a0 le pr\u00e9sident du Directoire de\u00a0 Bayane SA a fait savoir que les deux sites Internet, pilot\u00e9s par des jeunes journalistes aura la m\u00eame mission que celle de ses alter ego de la presse \u00e9crite, notamment la d\u00e9fense des valeurs communs, le respect de la d\u00e9ontologie de la profession et la cr\u00e9dibilit\u00e9 tout en aspirant \u00e0 apporter une contribution qualitative au champ m\u00e9diatique marocain.<\/p>\n<p class=\"c4\">Il est \u00e0 souligner que le ftour collectif devenu au fil des ann\u00e9es un rituel, a r\u00e9uni dans une ambiance festive, la direction de l\u2019entreprise, ses journalistes, ses cadres administratifs, ses employ\u00e9s, ses techniciens et ouvriers qui ont accueilli de nombreux invit\u00e9s, dont d\u2019imminentes figures\u00a0 de la vie politique, \u00e9conomique, culturelle, intellectuelle ou m\u00e9diath\u00e8que aux c\u00f4t\u00e9s de certains membres du syndicat national de la presse marocaine (SNPM), des membres de la F\u00e9d\u00e9ration marocaine des \u00e9diteurs de journaux (FMEJ), des cadres du minist\u00e8re de la communication et de nombreux employ\u00e9s et cadres de Bayane SA.<\/p>\n<p class=\"c4\">Ce ftour ramadanesque a \u00e9t\u00e9 marqu\u00e9 par la pr\u00e9sence du Secr\u00e9taire g\u00e9n\u00e9ral du Parti du progr\u00e8s et du socialisme (PPS), Mohamed Nabil Benabdallah, des membres du Bureau politique, du Conseil de la pr\u00e9sidence,\u00a0 du Comit\u00e9 central et des organisations parall\u00e8les.<\/p>\n<p>Auteur: rahal mehamed<br \/>\n<a href=\"http:\/\/albayane.press.ma\/bayane-sa-se-lance-dans-laventure-du-digitale.html\">Cliquez ici pour lire l&rsquo;article depuis sa source.<\/a><\/p>\n","protected":false},"excerpt":{"rendered":"<p>En gestation depuis plusieurs mois, le lancement des deux sites d\u2019information g\u00e9n\u00e9rale en arabe et en, fran\u00e7ais de la soci\u00e9t\u00e9 \u00abBayane SA\u00bb \u00e9ditrice des deux journaux Al Bayane et Bayane Al Yaoum, a \u00e9t\u00e9 officiellement annonc\u00e9 par le directeur de la publication et pr\u00e9sident du directoire, Mahtat Rakas. Ainsi, et apr\u00e8s quelques r\u00e9glages techniques administratifs, [&hellip;]<\/p>\n","protected":false},"author":1760,"featured_media":0,"comment_status":"closed","ping_status":"closed","sticky":false,"template":"","format":"standard","meta":{"fifu_image_url":"","fifu_image_alt":"","footnotes":""},"categories":[73,54],"tags":[],"class_list":["post-37201","post","type-post","status-publish","format-standard","hentry","category-actualite","category-maroc"],"_links":{"self":[{"href":"https:\/\/linitiative.ca\/International\/wp-json\/wp\/v2\/posts\/37201","targetHints":{"allow":["GET"]}}],"collection":[{"href":"https:\/\/linitiative.ca\/International\/wp-json\/wp\/v2\/posts"}],"about":[{"href":"https:\/\/linitiative.ca\/International\/wp-json\/wp\/v2\/types\/post"}],"author":[{"embeddable":true,"href":"https:\/\/linitiative.ca\/International\/wp-json\/wp\/v2\/users\/1760"}],"replies":[{"embeddable":true,"href":"https:\/\/linitiative.ca\/International\/wp-json\/wp\/v2\/comments?post=37201"}],"version-history":[{"count":0,"href":"https:\/\/linitiative.ca\/International\/wp-json\/wp\/v2\/posts\/37201\/revisions"}],"wp:attachment":[{"href":"https:\/\/linitiative.ca\/International\/wp-json\/wp\/v2\/media?parent=37201"}],"wp:term":[{"taxonomy":"category","embeddable":true,"href":"https:\/\/linitiative.ca\/International\/wp-json\/wp\/v2\/categories?post=37201"},{"taxonomy":"post_tag","embeddable":true,"href":"https:\/\/linitiative.ca\/International\/wp-json\/wp\/v2\/tags?post=37201"}],"curies":[{"name":"wp","href":"https:\/\/api.w.org\/{rel}","templated":true}]}}