{"id":37202,"date":"2019-05-27T08:07:26","date_gmt":"2019-05-27T12:07:26","guid":{"rendered":"https:\/\/linitiative.ca\/International\/baptiser-un-espace-public-ou-boulevard-du-nom-de-aziz-belal\/"},"modified":"2019-05-27T08:07:26","modified_gmt":"2019-05-27T12:07:26","slug":"baptiser-un-espace-public-ou-boulevard-du-nom-de-aziz-belal","status":"publish","type":"post","link":"https:\/\/linitiative.ca\/International\/baptiser-un-espace-public-ou-boulevard-du-nom-de-aziz-belal\/","title":{"rendered":"Baptiser un espace public ou boulevard du nom de Aziz Belal"},"content":{"rendered":"<p class=\"c3\"><span class=\"c2\"><strong>Le PPS saisit la C.U de Taza<\/strong><\/span><\/p>\n<p class=\"c5\"><span class=\"c4\"><strong><span class=\"c2\">A<\/span> l\u2019occasion du 37<sup>\u00e8me<\/sup> anniversaire de la disparition tragique de feu Aziz Belal, la section provinciale du parti du progr\u00e8s et du socialisme (PPS) de Taza a saisi le conseil de la ville dans une correspondance officielle, mandat\u00e9e par le secr\u00e9taire g\u00e9n\u00e9ral du PPS, Mohamed Nabil Benabdellah, demandant \u00e0 la commune urbaine de la ville de donner \u00e0 une place publique ou un boulevard, le nom de Aziz Belal, premier \u00e9conomiste marocain titulaire d\u2019une th\u00e8se d\u2019Etat, pionnier de la recherche \u00e9conomique au Maroc, militant politique aguerri et homme de valeurs et de principes.<\/strong><\/span><\/p>\n<p class=\"c5\">Dans cette correspondance, le PPS souligne que cette initiative de baptiser un espace ou un boulevard de la ville du nom de feu Aziz, qui a vu le jour dans la ville de Taza le 23 octobre 1932, consolidera le patrimoine symbolique de la ville, son h\u00e9ritage et son combat pour le bien commun, qui caract\u00e9riseront toujours cette cit\u00e9 qui a engendr\u00e9 de grands noms ayant rayonn\u00e9 ici et ailleurs, \u00e0 leur t\u00eate Aziz Belal.<\/p>\n<p class=\"c5\">Professeur \u00e0 l\u2019universit\u00e9 de Rabat, pr\u00e9sent dans tous les d\u00e9bats scientifiques et politiques aussi bien au Maroc qu\u2019\u00e0 l\u2019\u00e9tranger, partisan acharn\u00e9 du travail organis\u00e9, ardent d\u00e9fenseur de la cause des d\u00e9sh\u00e9rit\u00e9s, intellectuel talentueux, humaniste sans faille, Aziz Belal a rendu l\u2019\u00e2me un 23 mai 1982 \u00e0 la suite d\u2019un incendie qui s\u2019est produit \u00e0 l\u2019h\u00f4tel \u00abConrad Hilton\u00bb de\u00a0<a href=\"https:\/\/www.maghress.com\/fr\/city\/Chicago\">Chicago<\/a> o\u00f9 le regrett\u00e9 s\u2019y est rendu dans le cadre de ses fonctions, en tant que vice pr\u00e9sident de la commune d\u2019Ain Diab de\u00a0<a href=\"https:\/\/www.maghress.com\/fr\/city\/Casablanca\">Casablanca<\/a>, pour participer aux c\u00e9r\u00e9monies de jumelage entre\u00a0<a href=\"https:\/\/www.maghress.com\/fr\/city\/Chicago\">Chicago<\/a>\u00a0et\u00a0<a href=\"https:\/\/www.maghress.com\/fr\/city\/Casablanca\">Casablanca<\/a>. Ce fut son premier et dernier voyage aux Etats-Unis.<\/p>\n<p>Auteur: rahal mehamed<br \/>\n<a href=\"http:\/\/albayane.press.ma\/baptiser-un-espace-public-ou-boulevard-du-nom-de-aziz-belal.html\">Cliquez ici pour lire l&rsquo;article depuis sa source.<\/a><\/p>\n","protected":false},"excerpt":{"rendered":"<p>Le PPS saisit la C.U de Taza A l\u2019occasion du 37\u00e8me anniversaire de la disparition tragique de feu Aziz Belal, la section provinciale du parti du progr\u00e8s et du socialisme (PPS) de Taza a saisi le conseil de la ville dans une correspondance officielle, mandat\u00e9e par le secr\u00e9taire g\u00e9n\u00e9ral du PPS, Mohamed Nabil Benabdellah, demandant [&hellip;]<\/p>\n","protected":false},"author":1760,"featured_media":0,"comment_status":"closed","ping_status":"closed","sticky":false,"template":"","format":"standard","meta":{"fifu_image_url":"","fifu_image_alt":"","footnotes":""},"categories":[73,54],"tags":[],"class_list":["post-37202","post","type-post","status-publish","format-standard","hentry","category-actualite","category-maroc"],"_links":{"self":[{"href":"https:\/\/linitiative.ca\/International\/wp-json\/wp\/v2\/posts\/37202","targetHints":{"allow":["GET"]}}],"collection":[{"href":"https:\/\/linitiative.ca\/International\/wp-json\/wp\/v2\/posts"}],"about":[{"href":"https:\/\/linitiative.ca\/International\/wp-json\/wp\/v2\/types\/post"}],"author":[{"embeddable":true,"href":"https:\/\/linitiative.ca\/International\/wp-json\/wp\/v2\/users\/1760"}],"replies":[{"embeddable":true,"href":"https:\/\/linitiative.ca\/International\/wp-json\/wp\/v2\/comments?post=37202"}],"version-history":[{"count":0,"href":"https:\/\/linitiative.ca\/International\/wp-json\/wp\/v2\/posts\/37202\/revisions"}],"wp:attachment":[{"href":"https:\/\/linitiative.ca\/International\/wp-json\/wp\/v2\/media?parent=37202"}],"wp:term":[{"taxonomy":"category","embeddable":true,"href":"https:\/\/linitiative.ca\/International\/wp-json\/wp\/v2\/categories?post=37202"},{"taxonomy":"post_tag","embeddable":true,"href":"https:\/\/linitiative.ca\/International\/wp-json\/wp\/v2\/tags?post=37202"}],"curies":[{"name":"wp","href":"https:\/\/api.w.org\/{rel}","templated":true}]}}