{"id":37209,"date":"2019-05-28T06:40:16","date_gmt":"2019-05-28T10:40:16","guid":{"rendered":"https:\/\/linitiative.ca\/International\/zineb-smaiki-le-theatre-dans-les-veines\/"},"modified":"2019-05-28T06:40:16","modified_gmt":"2019-05-28T10:40:16","slug":"zineb-smaiki-le-theatre-dans-les-veines","status":"publish","type":"post","link":"https:\/\/linitiative.ca\/International\/zineb-smaiki-le-theatre-dans-les-veines\/","title":{"rendered":"Zineb Smaiki, le th\u00e9\u00e2tre dans les veines"},"content":{"rendered":"<p class=\"c4\"><strong><span class=\"c2\">F<\/span><span class=\"c3\">in janvier 2015, le th\u00e9\u00e2tre marocain perdait \u00a0l\u2019une de ses enfants les plus dou\u00e9es, Zineb Smaiki. La com\u00e9dienne est d\u00e9c\u00e9d\u00e9e apr\u00e8s une longue lutte contre la maladie, alors que sa carri\u00e8re artistique \u00e9tait \u00e0 son sommet. Feue Zineb \u00e9tait connue pour ses r\u00f4les complexes, intelligents et difficiles \u00e0 g\u00e9rer sur sc\u00e8ne.<\/span><\/strong><\/p>\n<p class=\"c4\">Les planches \u00e9taient sa demeure et le th\u00e9\u00e2tre, son univers. Zineb Smaiki est l\u2019une des premi\u00e8res femmes artistes marocaines\u00a0 \u00e0 avoir entam\u00e9 sa\u00a0 carri\u00e8re artistique si t\u00f4t dans ce qu\u2019on appelait \u00able th\u00e9\u00e2tre amateur\u00bb. \u00c0 un moment donn\u00e9, ce dernier \u00e9tait une v\u00e9ritable \u00e9cole o\u00f9 le grand nombre d\u2019acteurs et de com\u00e9diens marocains ont fait leurs premiers pas.<\/p>\n<p class=\"c4\">Tr\u00e8s jeune, Zineb Smaiki concr\u00e9tisait son r\u00eave d\u2019enfance en montant sur sc\u00e8ne. C\u2019est \u00e0 l\u2019\u00e2ge de 13 ans, que la com\u00e9dienne int\u00e8gre la troupe\u00a0 \u00abChabibat Al Hamraa\u00bb dans la ville ocre, Marrakech. \u00abElle est l\u2019une des artistes femmes qui ont grav\u00e9 leur nom sur les planches du th\u00e9\u00e2tre marocain. Elle \u00e9tait \u00e9galement parmi les premi\u00e8res com\u00e9diennes ayant fait le th\u00e9\u00e2tre \u00e0 Marrakech o\u00f9 elle a travaill\u00e9 avec plusieurs associations et troupes th\u00e9\u00e2trales de la ville entre autres \u00ab\u00a0Chabibat Al Hamraa\u00a0\u00bb dont le r\u00e9alisateur n\u2019\u00e9tait autre que son \u00e9poux, le d\u00e9funt Abdelkarim Benani\u00bb, nous confie le dramaturge, Abdelilah Benhadar.<\/p>\n<p class=\"c4\">Zineb Smaiki est connue comme une ic\u00f4ne du th\u00e9\u00e2tre marrakechi. C\u2019est dans cette ville des sept saints et berceau de la Halqa et des arts populaires que son \u00e9toile brilla de mille feux. Mieux encore, elle a marqu\u00e9 la m\u00e9moire artistique\u00a0 non seulement des Marrakchis, mais aussi celle des Marocains. \u00abEt si on \u00e9voquait son nom, on devrait \u00e9galement faire un clin d\u2019\u0153il \u00e0 la com\u00e9dienne Fadila Benmoussa.<\/p>\n<p class=\"c4\">Ce sont deux amies, deux grandes artistes tr\u00e8s proches et deux figures artistiques de la ville. Zineb a remport\u00e9 plusieurs prix avec \u00ab\u00a0Chabibat Al Hamraa\u00a0\u00bb, elle a travaill\u00e9 aussi avec \u2018\u2019Al Wafaa Al Mourakouchiya \u2018\u2019 et \u00e0 la fin de sa vie, elle a commenc\u00e9 \u00e0 travailler avec plusieurs troupes de th\u00e9\u00e2tre\u00bb, explique Benhadar. Connue aussi par ses qualit\u00e9s humaines, son s\u00e9rieux et son engagement artistique, la com\u00e9dienne a jou\u00e9 des r\u00f4les diff\u00e9rents dans plusieurs pi\u00e8ces et troupes de th\u00e9\u00e2tre y compris \u00ab\u00a0Warchat Ibda\u00e2 drama\u00a0\u00bb.<\/p>\n<p class=\"c4\">J\u2019ai travaill\u00e9 avec elle pendant plusieurs ann\u00e9es. Elle \u00e9tait pour moi une vraie s\u0153ur et une amie au grand c\u0153ur. On a particip\u00e9 dans deux travaux \u00e0 savoir \u2018\u2019Qadi Haja\u2019\u2019 et une autre pi\u00e8ce de th\u00e9\u00e2tre \u2018\u2019Et apr\u00e8s \u2018\u2019 qui ont \u00e9t\u00e9 produites\u00a0 par des troupes de th\u00e9\u00e2tre bas\u00e9es sur Marrakech\u00bb, a-t-il fait savoir.\u00a0 Et d\u2019ajouter : \u00abOn voudrait faire une pi\u00e8ce de th\u00e9\u00e2tre \u00e0 laquelle elle avait choisi comme titre \u2018\u2019Sahd al houb\u2019\u2019 et que j\u2019ai nomm\u00e9e moi-m\u00eame\u00a0 par la suite \u2018\u2019Ma Ana ila bachar\u2019\u2019\u00bb.\u00a0 Selon lui, Zineb est une artiste humble et d\u2019un grand humanisme.\u00a0 \u00abJe l\u2019ai encourag\u00e9e pour se lancer dans la t\u00e9l\u00e9vision, mais elle me disait souvent que son amour est le th\u00e9\u00e2tre et la sc\u00e8ne. Elle n\u2019aimait pas trop la t\u00e9l\u00e9vision parce qu\u2019elle \u00e9tait toujours fid\u00e8le aux planches. Elle se retrouvait dans le p\u00e8re des arts\u00bb, a-t-il affirm\u00e9.<\/p>\n<p class=\"c4\">La com\u00e9dienne a brill\u00e9 \u00e0 la fois dans la t\u00e9l\u00e9vision et le cin\u00e9ma en jouant soit dans les feuilletons, les sitcoms\u00a0 comme \u00abZinat Al Hayat\u00bb (2011) et \u00abYak hna jirane\u00bb ou encore dans des films\u00a0 comme \u00abAdieu Forain\u00a0\u00bb(1998), \u00abGraines de Grenades\u00bb (2014) o\u00f9 le public et les r\u00e9alisateurs avaient d\u00e9couvert une grande artiste charismatique et dou\u00e9e.<\/p>\n<p class=\"c5\"><strong>Mohamed Nait Youssef<\/strong><\/p>\n<p>Auteur: rahal mehamed<br \/>\n<a href=\"http:\/\/albayane.press.ma\/zineb-smaiki-le-theatre-dans-les-veines.html\">Cliquez ici pour lire l&rsquo;article depuis sa source.<\/a><\/p>\n","protected":false},"excerpt":{"rendered":"<p>Fin janvier 2015, le th\u00e9\u00e2tre marocain perdait \u00a0l\u2019une de ses enfants les plus dou\u00e9es, Zineb Smaiki. La com\u00e9dienne est d\u00e9c\u00e9d\u00e9e apr\u00e8s une longue lutte contre la maladie, alors que sa carri\u00e8re artistique \u00e9tait \u00e0 son sommet. Feue Zineb \u00e9tait connue pour ses r\u00f4les complexes, intelligents et difficiles \u00e0 g\u00e9rer sur sc\u00e8ne. Les planches \u00e9taient sa [&hellip;]<\/p>\n","protected":false},"author":1760,"featured_media":0,"comment_status":"closed","ping_status":"closed","sticky":false,"template":"","format":"standard","meta":{"fifu_image_url":"","fifu_image_alt":"","footnotes":""},"categories":[73,54],"tags":[],"class_list":["post-37209","post","type-post","status-publish","format-standard","hentry","category-actualite","category-maroc"],"_links":{"self":[{"href":"https:\/\/linitiative.ca\/International\/wp-json\/wp\/v2\/posts\/37209","targetHints":{"allow":["GET"]}}],"collection":[{"href":"https:\/\/linitiative.ca\/International\/wp-json\/wp\/v2\/posts"}],"about":[{"href":"https:\/\/linitiative.ca\/International\/wp-json\/wp\/v2\/types\/post"}],"author":[{"embeddable":true,"href":"https:\/\/linitiative.ca\/International\/wp-json\/wp\/v2\/users\/1760"}],"replies":[{"embeddable":true,"href":"https:\/\/linitiative.ca\/International\/wp-json\/wp\/v2\/comments?post=37209"}],"version-history":[{"count":0,"href":"https:\/\/linitiative.ca\/International\/wp-json\/wp\/v2\/posts\/37209\/revisions"}],"wp:attachment":[{"href":"https:\/\/linitiative.ca\/International\/wp-json\/wp\/v2\/media?parent=37209"}],"wp:term":[{"taxonomy":"category","embeddable":true,"href":"https:\/\/linitiative.ca\/International\/wp-json\/wp\/v2\/categories?post=37209"},{"taxonomy":"post_tag","embeddable":true,"href":"https:\/\/linitiative.ca\/International\/wp-json\/wp\/v2\/tags?post=37209"}],"curies":[{"name":"wp","href":"https:\/\/api.w.org\/{rel}","templated":true}]}}