{"id":37212,"date":"2019-05-28T07:11:40","date_gmt":"2019-05-28T11:11:40","guid":{"rendered":"https:\/\/linitiative.ca\/International\/brexit-theresa-may-jette-leponge\/"},"modified":"2019-05-28T07:11:40","modified_gmt":"2019-05-28T11:11:40","slug":"brexit-theresa-may-jette-leponge","status":"publish","type":"post","link":"https:\/\/linitiative.ca\/International\/brexit-theresa-may-jette-leponge\/","title":{"rendered":"Brexit: Theresa May jette l\u2019\u00e9ponge\u2026"},"content":{"rendered":"<p class=\"c4\"><span class=\"c3\"><strong>\u00ab<span class=\"c2\">I<\/span>l est maintenant clair, pour moi, qu\u2019il est dans l\u2019int\u00e9r\u00eat du pays qu\u2019un nouveau Premier ministre dirige cet effort. Aussi, j\u2019annonce aujourd\u2019hui que je vais d\u00e9missionner de mes fonctions de dirigeant du Parti conservateur et unioniste le vendredi 7 juin\u00bb. Tels furent, ce vendredi 24 mai, les propos prononc\u00e9s par une Theresa May au bord des larmes regrettant profond\u00e9ment \u00abde ne pas avoir \u00e9t\u00e9 capable de mettre en \u0153uvre le Brexit\u00bb.<\/strong><\/span><\/p>\n<p class=\"c4\">N\u2019\u00e9tant donc pas parvenue \u00e0 faire adh\u00e9rer \u00e0 sa vision de la sortie de l\u2019Union Europ\u00e9enne une classe politique profond\u00e9ment divis\u00e9e sur la question et \u00e0 faire adopter, par la Chambre des Communes, l\u2019accord accept\u00e9 par le gouvernement britannique, Theresa May, 62 ans, n\u2019a donc plus d\u2019autre choix que celui de se retirer et de laisser \u00e0 quelqu\u2019un d\u2019autre la lourde t\u00e2che de prendre, \u00e0 bras-le-corps, l\u2019\u00e9pineux dossier du Brexit et ce, soit en ren\u00e9gociant un nouvel accord avec Bruxelles\u00a0 soit en optant pour une sortie sans aucun arrangement et les mains dans les poches.<\/p>\n<p class=\"c4\">Et si la Premi\u00e8re ministre se doit d\u2019assurer la transition jusqu\u2019au 20 juillet, date \u00e0 laquelle les 100.000 membres du Parti Conservateur se choisiront un nouveau leader, ils sont d\u00e9j\u00e0 huit pr\u00e9tendants \u00e0 se bousculer au portillon pour pouvoir acc\u00e9der au poste de chef du gouvernement de Sa Majest\u00e9 la Reine \u00e0 l\u2019issue d\u2019une lutte qui s\u2019annonce serr\u00e9e et qui durera deux mois.<\/p>\n<p class=\"c4\">Ci-apr\u00e8s, les profils des huit pr\u00e9tendants qui, pour l\u2019heure, ont \u00abd\u00e9pos\u00e9\u00bb leurs candidatures :<\/p>\n<p class=\"c4\"><strong>1-Boris Johnson :<\/strong><\/p>\n<p class=\"c4\">Le premier d\u2019entre eux et le favori reste Boris Johnson. Ancien maire de Londres et ancien ministre des Affaires \u00e9trang\u00e8res avant sa d\u00e9mission en Juillet 2018, Boris Johnson qui se pr\u00e9pare \u00e0 prendre les r\u00eanes des \u00abTories\u00bb ne s\u2019est pas priv\u00e9, apr\u00e8s avoir quitt\u00e9 le gouvernement de Theresa May, de tirer \u00e0 boulets rouges, dans une tribune hebdomadaire du \u00abDaily Telegraph\u00bb,\u00a0 sur la mani\u00e8re de cette derni\u00e8re de g\u00e9rer le Brexit puis de d\u00e9clarer, lors d\u2019une conf\u00e9rence \u00e9conomique en Suisse, que le Royaume-Uni quittera \u00abl\u2019UE le 31 octobre, accord ou pas\u00bb.<\/p>\n<p class=\"c4\"><strong>2-Matt Hancock :<\/strong><\/p>\n<p class=\"c4\">Samedi, ce fut au tour de Matt Hancock, actuel ministre de la Sant\u00e9 et ancien ministre du Num\u00e9rique dans le gouvernement de Theresa May, d\u2019annoncer, sur les ondes de la BBC, son intention de succ\u00e9der \u00e0 cette derni\u00e8re. D\u00e9put\u00e9 de la circonscription de West Suffolk (est de l\u2019Angleterre), ce dernier est contre une sortie de l\u2019U.E. sans accord.<\/p>\n<p class=\"c4\"><strong>3-Jeremy Hunt :<\/strong><\/p>\n<p class=\"c4\">Un autre pr\u00e9tendant est Jeremy Hunt, 52 ans, qui fut membre du cabinet de David Cameron et qui, dans le gouvernement de Theresa May, avait remplac\u00e9 Boris Johnson au minist\u00e8re des Affaires \u00e9trang\u00e8res apr\u00e8s avoir quitt\u00e9 son poste au minist\u00e8re de la Sant\u00e9. Ardent d\u00e9fenseur de l\u2019unit\u00e9 du parti conservateur, il avait vot\u00e9 contre le Brexit en 2016.<\/p>\n<p class=\"c4\"><strong>4-Esther McVey :<\/strong><\/p>\n<p class=\"c4\">Ayant int\u00e9gr\u00e9, en Janvier 2018, le cabinet de Theresa May en tant que ministre du Travail et des Retraites, Esther McVey, qui a d\u00e9missionn\u00e9 en Novembre dernier pour d\u00e9noncer la gestion du Brexit, vise aussi le poste de Premi\u00e8re Ministre. Elle a d\u00e9clar\u00e9, dimanche, qu\u2019avec ou sans accord, le pays devra quitter l\u2019UE le 31 Octobre prochain.<\/p>\n<p class=\"c4\"><strong>5-Rory Stewart :<\/strong><\/p>\n<p class=\"c4\">Bien qu\u2019ayant toujours fait partie de l\u2019\u00e9quipe de Theresa May et ayant m\u00eame \u00e9t\u00e9 nomm\u00e9 \u00e0 la t\u00eate du Minist\u00e8re du D\u00e9veloppement international, cet ancien diplomate qui avait milit\u00e9 contre le Brexit en 2016 en \u00e9tant oppos\u00e9 \u00e0 une sortie de l\u2019UE \u00absans accord\u00bb, entend succ\u00e9der \u00e0 la\u00a0 premi\u00e8re ministre. Mais, soucieux de \u00abrassembler\u00bb le pays, Rory Stewart serait pr\u00eat \u00e0 changer son fusil d\u2019\u00e9paule pour\u00a0 \u00abpenser \u00e0 ceux qui ont vot\u00e9 contre (le Brexit)\u00bb a-t-il d\u00e9clar\u00e9 \u00e0 la BBC.<\/p>\n<p class=\"c4\"><strong>6-Dominic Raab :<\/strong><\/p>\n<p class=\"c4\">Ancien ministre du Brexit ayant quitt\u00e9 l\u2019\u00e9quipe de Theresa May pour d\u00e9noncer la strat\u00e9gie, allant \u00e0 l\u2019encontre des int\u00e9r\u00eats des Conservateurs, adopt\u00e9e par cette derni\u00e8re, Dominic Raab, 45 ans, qui reste le principal adversaire de Boris Johnson, serait pr\u00eat \u00e0 accepter une sortie de l\u2019UE sans accord m\u00eame s\u2019il avait toujours soutenu l\u2019exigence d\u2019un arrangement.<\/p>\n<p class=\"c4\"><strong>7- Michael Grove :<\/strong><\/p>\n<p class=\"c4\">Du haut de ses 51 ans, cet ancien ministre de l\u2019Environnement, de l\u2019Alimentation et des Affaires rurales avait constitu\u00e9, avec Boris Johnson, les deux principales figures de la campagne du \u00ab Leave \u00bb pour le r\u00e9f\u00e9rendum pour le Brexit.\u00a0 Candidat malheureux \u00e0 la succession de David Cameron, apr\u00e8s avoir soutenu la candidature de Boris Johnson \u00e0 la t\u00eate du parti, l\u2019homme entend bien, cette fois-ci, succ\u00e9der \u00e0 Theresa May.<\/p>\n<p class=\"c4\"><strong>8- Andrea Leadsom :<\/strong><\/p>\n<p class=\"c4\">Ministre pro-Brexit charg\u00e9e des relations avec le Parlement, Andrea Leadsom, qui vient \u00e0 peine de quitter le gouvernement de Theresa May d\u00e9nonce, avec force, le fait que trois ann\u00e9es apr\u00e8s le r\u00e9f\u00e9rendum sur le Brexit, le pays soit encore membre de l\u2019Union Europ\u00e9enne et, \u00e0 ce titre, soutient, une sortie de l\u2019UE, le 31 octobre prochain, avec ou sans accord.<\/p>\n<p class=\"c4\">Lequel de ces candidats aura les faveurs des Conservateurs apr\u00e8s une lutte qui s\u2019annonce serr\u00e9e ? Attendons pour voir\u2026<\/p>\n<p class=\"c5\"><strong>Nabil El Bousaadi<\/strong><\/p>\n<p>Auteur: rahal mehamed<br \/>\n<a href=\"http:\/\/albayane.press.ma\/brexit-theresa-may-jette-leponge.html\">Cliquez ici pour lire l&rsquo;article depuis sa source.<\/a><\/p>\n","protected":false},"excerpt":{"rendered":"<p>\u00abIl est maintenant clair, pour moi, qu\u2019il est dans l\u2019int\u00e9r\u00eat du pays qu\u2019un nouveau Premier ministre dirige cet effort. Aussi, j\u2019annonce aujourd\u2019hui que je vais d\u00e9missionner de mes fonctions de dirigeant du Parti conservateur et unioniste le vendredi 7 juin\u00bb. Tels furent, ce vendredi 24 mai, les propos prononc\u00e9s par une Theresa May au bord [&hellip;]<\/p>\n","protected":false},"author":1760,"featured_media":0,"comment_status":"closed","ping_status":"closed","sticky":false,"template":"","format":"standard","meta":{"fifu_image_url":"","fifu_image_alt":"","footnotes":""},"categories":[73,54],"tags":[],"class_list":["post-37212","post","type-post","status-publish","format-standard","hentry","category-actualite","category-maroc"],"_links":{"self":[{"href":"https:\/\/linitiative.ca\/International\/wp-json\/wp\/v2\/posts\/37212","targetHints":{"allow":["GET"]}}],"collection":[{"href":"https:\/\/linitiative.ca\/International\/wp-json\/wp\/v2\/posts"}],"about":[{"href":"https:\/\/linitiative.ca\/International\/wp-json\/wp\/v2\/types\/post"}],"author":[{"embeddable":true,"href":"https:\/\/linitiative.ca\/International\/wp-json\/wp\/v2\/users\/1760"}],"replies":[{"embeddable":true,"href":"https:\/\/linitiative.ca\/International\/wp-json\/wp\/v2\/comments?post=37212"}],"version-history":[{"count":0,"href":"https:\/\/linitiative.ca\/International\/wp-json\/wp\/v2\/posts\/37212\/revisions"}],"wp:attachment":[{"href":"https:\/\/linitiative.ca\/International\/wp-json\/wp\/v2\/media?parent=37212"}],"wp:term":[{"taxonomy":"category","embeddable":true,"href":"https:\/\/linitiative.ca\/International\/wp-json\/wp\/v2\/categories?post=37212"},{"taxonomy":"post_tag","embeddable":true,"href":"https:\/\/linitiative.ca\/International\/wp-json\/wp\/v2\/tags?post=37212"}],"curies":[{"name":"wp","href":"https:\/\/api.w.org\/{rel}","templated":true}]}}