{"id":37213,"date":"2019-05-28T07:19:32","date_gmt":"2019-05-28T11:19:32","guid":{"rendered":"https:\/\/linitiative.ca\/International\/labus-de-pouvoir-dans-le-grand-agadir\/"},"modified":"2019-05-28T07:19:32","modified_gmt":"2019-05-28T11:19:32","slug":"labus-de-pouvoir-dans-le-grand-agadir","status":"publish","type":"post","link":"https:\/\/linitiative.ca\/International\/labus-de-pouvoir-dans-le-grand-agadir\/","title":{"rendered":"L\u2019abus de pouvoir dans le Grand Agadir!"},"content":{"rendered":"<p class=\"c4\"><strong><span class=\"c2\">T<\/span><span class=\"c3\">out le monde en parle avec gros \u00e9moi, un peu partout dans ce que l\u2019on appelle commun\u00e9ment, \u00a0le Grand Agadir. Nul n\u2019en serait indiff\u00e9rent ni ne s\u2019en soucierait, tellement le ph\u00e9nom\u00e8ne est en passe de prendre des ampleurs de plus en plus, pr\u00e9occupantes.<\/span><\/strong><\/p>\n<p class=\"c4\">En fait, comme par hasard, son aggravation ne s\u2019est fortement r\u00e9v\u00e9l\u00e9e qu\u2019avec l\u2019\u00e8re de la razzia \u00ablampiste\u00bb dans l\u2019ensemble des composantes de la capitale du Souss et tout son extension p\u00e9riph\u00e9rique. Bizarrement paradoxal,\u00a0 ce qui s\u2019offre aux yeux\u00a0! La vertu communale ne cesse de perdre le Nord, alors qu\u2019elle est cens\u00e9e s\u2019affirmer, en pr\u00e9sence des \u00abpr\u00eacheurs\u00bb de la chastet\u00e9 de l\u2019\u00e2me et de la conduite. Patience, cher lecteur, ce pr\u00e9lude \u00ablanguissant\u00bb ne sera pas long davantage et le mot sera crach\u00e9, \u00e0 l\u2019instant m\u00eame!<\/p>\n<p class=\"c4\">En effet, depuis belle lurette, le poste cl\u00e9 de la collectivit\u00e9 locale a servi de tremplin pour le rel\u00e8vement du statut social. De tr\u00e8s modestes agents de la fonction publique ou de la profession lib\u00e9rale, deviennent, en si peu de temps, des richissimes \u00e0 coups de milliards\u00a0!? Au fur et \u00e0 mesure qu\u2019ils s\u2019y connaissent dans les rouages des affaires publiques, ayant trait aux astuces proc\u00e9duri\u00e8res, ils forment, petit \u00e0 petit, des barons du foncier et b\u00e2timent qui agissent pour le compte de leurs \u00abemployeurs\u00bb de la commune territoriale. Le r\u00f4le inf\u00e2me de ces sp\u00e9culateurs qui r\u00f4dent, sans r\u00e9pit, dans les parages, consiste \u00e0 \u00e9pingler des proies et \u00e0 les \u00abpersuader\u00bb \u00e0 recourir aux diverses entreprises cr\u00e9\u00e9es par les conseillers dont la signature des dossiers est d\u00e9terminante.<\/p>\n<p class=\"c4\">L\u2019\u00e9tau se resserre vite sur le promoteur qui n\u2019a plus le choix que de tomber dans le gu\u00eapier de cette meute mafieuse. Ceci dit, si par malheur, l\u2019op\u00e9rateur a envie de se d\u00e9mettre de ce filet implacable, son projet s\u2019expose bassement \u00e0 des atermoiements sans limite ou encore \u00e0 des refus fermes.Ce traitement vindicatif dress\u00e9 contre ceux qui ne jouent pas ce vilain jeu, est devenu monnaie courante, au point de paralyser tout essor socio-\u00e9conomique de la ville.<\/p>\n<p class=\"c4\">Au fil du temps, la commune s\u2019exclut de sa mission de levier d\u2019expansion de l\u2019homme et de l\u2019espace, mais se d\u00e9ploie en passerelle de promotion du registre des dirigeants communaux inciviques. Et ce n\u2019est gu\u00e8re les exemples qui manquent pour s\u2019en assurer. Il aurait suffi de s\u2019enqu\u00eater sur les dessous de cette machine infernale pour en avoir le c\u0153ur net, au grand jour!<\/p>\n<p class=\"c4\">Il est donc bien \u00e9vident que cette d\u00e9pravation communale dont la puanteur asphyxie les narines, n\u2019est pas un secret pour personne. Tout d\u2019abord, elle repose sur l\u2019abus de pouvoir de ces conseillers en possession de l\u2019arme meurtri\u00e8re qu\u2019est la griffe. Ensuite, elle s\u2019appuie sur le monopole que la loi sanctionne sans bavure.<\/p>\n<p class=\"c4\">Or, ces deux facteurs nocifs, \u00e0 savoir l\u2019abus de pouvoir et le monopole, continuent \u00e0 s\u2019\u00e9riger en droit absolu entre les mains de nombre de d\u00e9cideurs des communes du Grand \u00a0Agadir, dans l\u2019impunit\u00e9 voire la connivence de certains agents aussi bien de l\u2019Autorit\u00e9 que de l\u2019Administration. A quand un r\u00e9el nettoyage de ces milieux qui empestent, \u00e0 longueur de journ\u00e9es, en activant la reddition des comptes et le bannissement de l\u2019h\u00e9g\u00e9monisme sur le domaine de l\u2019immobilier\u00a0? Un mal chronique qui n\u00e9cessite une th\u00e9rapie imm\u00e9diate, car l\u2019abc\u00e8s gangr\u00e8ne et d\u00e9passe toute les fronti\u00e8res!<\/p>\n<p>Auteur: rahal mehamed<br \/>\n<a href=\"http:\/\/albayane.press.ma\/labus-de-pouvoir-dans-le-grand-agadir.html\">Cliquez ici pour lire l&rsquo;article depuis sa source.<\/a><\/p>\n","protected":false},"excerpt":{"rendered":"<p>Tout le monde en parle avec gros \u00e9moi, un peu partout dans ce que l\u2019on appelle commun\u00e9ment, \u00a0le Grand Agadir. Nul n\u2019en serait indiff\u00e9rent ni ne s\u2019en soucierait, tellement le ph\u00e9nom\u00e8ne est en passe de prendre des ampleurs de plus en plus, pr\u00e9occupantes. En fait, comme par hasard, son aggravation ne s\u2019est fortement r\u00e9v\u00e9l\u00e9e qu\u2019avec [&hellip;]<\/p>\n","protected":false},"author":1760,"featured_media":0,"comment_status":"closed","ping_status":"closed","sticky":false,"template":"","format":"standard","meta":{"fifu_image_url":"","fifu_image_alt":"","footnotes":""},"categories":[73,54],"tags":[],"class_list":["post-37213","post","type-post","status-publish","format-standard","hentry","category-actualite","category-maroc"],"_links":{"self":[{"href":"https:\/\/linitiative.ca\/International\/wp-json\/wp\/v2\/posts\/37213","targetHints":{"allow":["GET"]}}],"collection":[{"href":"https:\/\/linitiative.ca\/International\/wp-json\/wp\/v2\/posts"}],"about":[{"href":"https:\/\/linitiative.ca\/International\/wp-json\/wp\/v2\/types\/post"}],"author":[{"embeddable":true,"href":"https:\/\/linitiative.ca\/International\/wp-json\/wp\/v2\/users\/1760"}],"replies":[{"embeddable":true,"href":"https:\/\/linitiative.ca\/International\/wp-json\/wp\/v2\/comments?post=37213"}],"version-history":[{"count":0,"href":"https:\/\/linitiative.ca\/International\/wp-json\/wp\/v2\/posts\/37213\/revisions"}],"wp:attachment":[{"href":"https:\/\/linitiative.ca\/International\/wp-json\/wp\/v2\/media?parent=37213"}],"wp:term":[{"taxonomy":"category","embeddable":true,"href":"https:\/\/linitiative.ca\/International\/wp-json\/wp\/v2\/categories?post=37213"},{"taxonomy":"post_tag","embeddable":true,"href":"https:\/\/linitiative.ca\/International\/wp-json\/wp\/v2\/tags?post=37213"}],"curies":[{"name":"wp","href":"https:\/\/api.w.org\/{rel}","templated":true}]}}