{"id":37214,"date":"2019-05-28T07:29:56","date_gmt":"2019-05-28T11:29:56","guid":{"rendered":"https:\/\/linitiative.ca\/International\/vaillants-et-combatifs-les-berkanis-ont-cede-face-a-lexperience-du-zamalek\/"},"modified":"2019-05-28T07:29:56","modified_gmt":"2019-05-28T11:29:56","slug":"vaillants-et-combatifs-les-berkanis-ont-cede-face-a-lexperience-du-zamalek","status":"publish","type":"post","link":"https:\/\/linitiative.ca\/International\/vaillants-et-combatifs-les-berkanis-ont-cede-face-a-lexperience-du-zamalek\/","title":{"rendered":"Vaillants et combatifs, les berkanis ont c\u00e9d\u00e9 face \u00e0 l\u2019exp\u00e9rience du Zamalek"},"content":{"rendered":"<p class=\"c4\"><span class=\"c3\"><strong><span class=\"c2\">F<\/span>inalement, le r\u00eave berkani n\u2019a pas \u00e9t\u00e9 r\u00e9alis\u00e9. La RSB a c\u00e9d\u00e9 en finale \u00abretour\u00bb de la Coupe de la CAF face au Zamalek d\u2019Egypte au stade Borj Al Arabe \u00e0 Alexandrie.<\/strong><\/span><\/p>\n<p class=\"c4\">Vainqueur chez elle en finale \u00aballer\u00bb gr\u00e2ce \u00e0 une r\u00e9alisation du togolais, Laba Kodjo, dans le temps additionnel, l\u2019\u00e9quipe de Berkane s\u2019est inclin\u00e9e sur le m\u00eame score de (1-0) dans la seconde manche de cette finale. Les Egyptiens ont \u00e9galis\u00e9 en seconde partie sur un penalty, accord\u00e9 apr\u00e8s le recours de l\u2019arbitre \u00e9thiopien, Bamlak Tessema, \u00e0 la technique de la VAR. Le coup de pied arr\u00eat\u00e9 a \u00e9t\u00e9 traduit par Mahmoud Alaa.<\/p>\n<p class=\"c4\">Le score est rest\u00e9 inchang\u00e9. La RSB qui a domin\u00e9 la premi\u00e8re mi-temps et a \u00e9t\u00e9 \u00e0 deux doigts de surprendre le Zamalek par un but valeureux \u00e0 l\u2019ext\u00e9rieur, s\u2019est trouv\u00e9e en deuxi\u00e8me p\u00e9riode dans une situation plus compliqu\u00e9e face \u00e0 des Zamalekaouis, \u00e9paul\u00e9s par plus de 60.000 de leurs inconditionnels.<\/p>\n<p class=\"c4\">Ce qui est \u00e0 signaler avec mention pour une formation berkanie qui \u00e9voluait sans aucun complexe ni aucune peur, surtout en n\u00e9gociant la premi\u00e8re finale dans son histoire contre un gros calibre du Continent, le Zamalek, qui venait certes de mettre la main sur son premier titre en Coupe de la CAF, mais qui reste fort d\u2019un palmar\u00e8s riche dont 5 en Ligue des Champions.<\/p>\n<p class=\"c4\">Dans l\u2019ensemble, le Zamalek a fait parler son exp\u00e9rience, m\u00eame s\u2019il a pein\u00e9 avant de venir \u00e0 bout d\u2019une vaillante formation berkanie qui jouait sa 3<sup>e<\/sup> coupe africaine alors qu\u2019elle n\u2019a qu\u2019un seul titre dans son palmar\u00e8s, la Coupe du Tr\u00f4ne, qu\u2019elle avait remport\u00e9e l\u2019ann\u00e9e \u00e9coul\u00e9e et qui lui avait permis de disputer la Comp\u00e9tition continentale de la CAF.<\/p>\n<p class=\"c5\"><strong>Rachid Lebchir<\/strong><\/p>\n<p>Auteur: rahal mehamed<br \/>\n<a href=\"http:\/\/albayane.press.ma\/vaillants-et-combatifs-les-berkanis-ont-cede-face-a-lexperience-du-zamalek.html\">Cliquez ici pour lire l&rsquo;article depuis sa source.<\/a><\/p>\n","protected":false},"excerpt":{"rendered":"<p>Finalement, le r\u00eave berkani n\u2019a pas \u00e9t\u00e9 r\u00e9alis\u00e9. La RSB a c\u00e9d\u00e9 en finale \u00abretour\u00bb de la Coupe de la CAF face au Zamalek d\u2019Egypte au stade Borj Al Arabe \u00e0 Alexandrie. Vainqueur chez elle en finale \u00aballer\u00bb gr\u00e2ce \u00e0 une r\u00e9alisation du togolais, Laba Kodjo, dans le temps additionnel, l\u2019\u00e9quipe de Berkane s\u2019est inclin\u00e9e [&hellip;]<\/p>\n","protected":false},"author":1760,"featured_media":0,"comment_status":"closed","ping_status":"closed","sticky":false,"template":"","format":"standard","meta":{"fifu_image_url":"","fifu_image_alt":"","footnotes":""},"categories":[73,54],"tags":[],"class_list":["post-37214","post","type-post","status-publish","format-standard","hentry","category-actualite","category-maroc"],"_links":{"self":[{"href":"https:\/\/linitiative.ca\/International\/wp-json\/wp\/v2\/posts\/37214","targetHints":{"allow":["GET"]}}],"collection":[{"href":"https:\/\/linitiative.ca\/International\/wp-json\/wp\/v2\/posts"}],"about":[{"href":"https:\/\/linitiative.ca\/International\/wp-json\/wp\/v2\/types\/post"}],"author":[{"embeddable":true,"href":"https:\/\/linitiative.ca\/International\/wp-json\/wp\/v2\/users\/1760"}],"replies":[{"embeddable":true,"href":"https:\/\/linitiative.ca\/International\/wp-json\/wp\/v2\/comments?post=37214"}],"version-history":[{"count":0,"href":"https:\/\/linitiative.ca\/International\/wp-json\/wp\/v2\/posts\/37214\/revisions"}],"wp:attachment":[{"href":"https:\/\/linitiative.ca\/International\/wp-json\/wp\/v2\/media?parent=37214"}],"wp:term":[{"taxonomy":"category","embeddable":true,"href":"https:\/\/linitiative.ca\/International\/wp-json\/wp\/v2\/categories?post=37214"},{"taxonomy":"post_tag","embeddable":true,"href":"https:\/\/linitiative.ca\/International\/wp-json\/wp\/v2\/tags?post=37214"}],"curies":[{"name":"wp","href":"https:\/\/api.w.org\/{rel}","templated":true}]}}