{"id":37226,"date":"2019-05-28T12:51:57","date_gmt":"2019-05-28T16:51:57","guid":{"rendered":"https:\/\/linitiative.ca\/International\/khenchela-18-brigades-mobiles-de-lutte-contre-les-feux-de-forets\/"},"modified":"2019-05-28T12:51:57","modified_gmt":"2019-05-28T16:51:57","slug":"khenchela-18-brigades-mobiles-de-lutte-contre-les-feux-de-forets","status":"publish","type":"post","link":"https:\/\/linitiative.ca\/International\/khenchela-18-brigades-mobiles-de-lutte-contre-les-feux-de-forets\/","title":{"rendered":"Khenchela: 18 brigades mobiles de lutte contre les feux de for\u00eats"},"content":{"rendered":"<div>\n<div class=\"K2FeedImage\"><img decoding=\"async\" src=\"http:\/\/www.aps.dz\/media\/k2\/items\/cache\/7b2f3f02d8f1982bfe7782d5d24daed8_S.jpg\" alt=\"Khenchela: 18 brigades mobiles de lutte contre les feux de for\u00eats\"><\/div>\n<div class=\"K2FeedIntroText\">\n<p><strong>KHENCHELA &#8211; Dix-huit (18) brigades mobiles ont \u00e9t\u00e9 constitu\u00e9es dans la wilaya de Khenchela dans le cadre du plan de lutte contre les feux de for\u00eats \u00e9labor\u00e9 par la conservation des for\u00eats en pr\u00e9vision de la p\u00e9riode estivale, a indiqu\u00e9 mardi le responsable de cette conservation, Abdelhafidh Mohcine.<\/strong><\/p>\n<\/div>\n<div class=\"K2FeedFullText\">\n<p>Aussi 86 agents forestiers assureront un syst\u00e8me de permanence au sein de ces 18 brigades mobiles de lutte contre les incendies de for\u00eats qui menacent le couvert v\u00e9g\u00e9tal de la wilaya chaque \u00e9t\u00e9, a indiqu\u00e9 \u00e0 l\u2019APS le m\u00eame responsable qui a fait \u00e9tat de la programmation durant juin prochain de formations au profit de 21 forestiers au sein de l\u2019unit\u00e9 principale de N\u2019sigha de la protection civile.<\/p>\n<p>Selon le conservateur des for\u00eats, ce plan anti-feux de for\u00eats pr\u00e9voit ainsi le recrutement de 58 travailleurs saisonniers dont 32 affect\u00e9s aux tours de vigie avec pour mission l\u2019alerte pr\u00e9coce aux d\u00e9parts de feu tandis que les 16 autres assisteront les forestiers et les sapeurs-pompiers.<\/p>\n<p>Des \u00e9quipes communes, a ajout\u00e9 le m\u00eame cadre, seront mises sur pied dans le cadre de la campagne anti-feux de for\u00eats du 1er juin au 31 octobre conjointement par la conservation des for\u00eats et la direction de la protection civile dans les for\u00eats Ain Guiguel et Ain Mimoune dans la commune de Tamza outre la constitution de 12 ateliers d\u2019intervention regroupant 177 travailleurs de l\u2019Entreprise r\u00e9gionale de g\u00e9nie rural pour intervenir en cas d\u2019incendie.<\/p>\n<p>Trois nouvelles tours de vigie ont \u00e9t\u00e9 cr\u00e9\u00e9es dans le massif forestier d\u2019Ouled Yakoub (1) et dans la for\u00eat des B\u00e9ni Oudjana (2) qui s\u2019\u00e9tend sur des vastes aires des communes de Bouhmama, Taouzianet, Ch\u00e9lia et Yabous.<\/p>\n<p>Depuis le 22 mai courant, une caravane commune de forestiers et pompiers sillonne la wilaya pour diffuser la culture de pr\u00e9vention des incendies de for\u00eats chez les personnes qui fr\u00e9quentent les for\u00eats durant l\u2019\u00e9t\u00e9.<\/p>\n<p>Dans le cadre de la pr\u00e9vention, il a \u00e9t\u00e9 proc\u00e9d\u00e9 \u00e0 des actions de nettoyage des bois morts de 1.157 hectares ayant \u00e9t\u00e9 la proie des flammes et \u00e0 l\u2019am\u00e9nagement de 77 km de pistes pour faciliter les interventions en cas de feu, a indiqu\u00e9 M. Mohcine.<\/p>\n<p>La conservation de for\u00eats a invit\u00e9 derni\u00e8rement les directions des travaux publics et des services agricoles \u00e0 nettoyer les lisi\u00e8res des 37 km de routes traversant les for\u00eats de la wilaya et \u00e0 r\u00e9aliser une bande labour\u00e9e entre les terres agricoles et les abords des for\u00eats tandis que la soci\u00e9t\u00e9 de distribution du gaz et de l\u2019\u00e9lectricit\u00e9 Sonelgaz a \u00e9t\u00e9 exhort\u00e9 \u00e0 nettoyer les aires sous les lignes hautes tensions passant par les for\u00eats, a not\u00e9 le m\u00eame responsable qui a relev\u00e9 que la direction des affaires religieuses a \u00e9t\u00e9 appel\u00e9 \u00e0 participer \u00e0 la sensibilisation contre les incendies de bois.<\/p>\n<p>La surface foresti\u00e8re de la wilaya de Khenchela occupe plus de 146.000 hectares qui se r\u00e9partit sur les trois principaux massifs de B\u00e9ni Melloul (67.000 hectares), d\u2019Ouled Yakoub (27.000 hectares) et B\u00e9ni Oudjana (22.000 hectares) outre 29.000 hectares d\u2019aires rebois\u00e9es \u00e0 travers les communes de la wilaya.<\/p>\n<\/div>\n<\/div>\n<p>Auteur:<br \/>\n<a href=\"http:\/\/www.aps.dz\/regions\/90005-khenchela-18-brigades-mobiles-de-lutte-contre-les-feux-de-forets\">Cliquez ici pour lire l&rsquo;article depuis sa source.<\/a><\/p>\n","protected":false},"excerpt":{"rendered":"<p>KHENCHELA &#8211; Dix-huit (18) brigades mobiles ont \u00e9t\u00e9 constitu\u00e9es dans la wilaya de Khenchela dans le cadre du plan de lutte contre les feux de for\u00eats \u00e9labor\u00e9 par la conservation des for\u00eats en pr\u00e9vision de la p\u00e9riode estivale, a indiqu\u00e9 mardi le responsable de cette conservation, Abdelhafidh Mohcine. Aussi 86 agents forestiers assureront un syst\u00e8me [&hellip;]<\/p>\n","protected":false},"author":1790,"featured_media":37227,"comment_status":"closed","ping_status":"closed","sticky":false,"template":"","format":"standard","meta":{"fifu_image_url":"","fifu_image_alt":"","footnotes":""},"categories":[53,76],"tags":[],"class_list":["post-37226","post","type-post","status-publish","format-standard","has-post-thumbnail","hentry","category-algerie","category-regions"],"_links":{"self":[{"href":"https:\/\/linitiative.ca\/International\/wp-json\/wp\/v2\/posts\/37226","targetHints":{"allow":["GET"]}}],"collection":[{"href":"https:\/\/linitiative.ca\/International\/wp-json\/wp\/v2\/posts"}],"about":[{"href":"https:\/\/linitiative.ca\/International\/wp-json\/wp\/v2\/types\/post"}],"author":[{"embeddable":true,"href":"https:\/\/linitiative.ca\/International\/wp-json\/wp\/v2\/users\/1790"}],"replies":[{"embeddable":true,"href":"https:\/\/linitiative.ca\/International\/wp-json\/wp\/v2\/comments?post=37226"}],"version-history":[{"count":0,"href":"https:\/\/linitiative.ca\/International\/wp-json\/wp\/v2\/posts\/37226\/revisions"}],"wp:featuredmedia":[{"embeddable":true,"href":"https:\/\/linitiative.ca\/International\/wp-json\/"}],"wp:attachment":[{"href":"https:\/\/linitiative.ca\/International\/wp-json\/wp\/v2\/media?parent=37226"}],"wp:term":[{"taxonomy":"category","embeddable":true,"href":"https:\/\/linitiative.ca\/International\/wp-json\/wp\/v2\/categories?post=37226"},{"taxonomy":"post_tag","embeddable":true,"href":"https:\/\/linitiative.ca\/International\/wp-json\/wp\/v2\/tags?post=37226"}],"curies":[{"name":"wp","href":"https:\/\/api.w.org\/{rel}","templated":true}]}}