{"id":37228,"date":"2019-05-28T15:13:57","date_gmt":"2019-05-28T19:13:57","guid":{"rendered":"https:\/\/linitiative.ca\/International\/international-om-balotelli-sait-ou-il-veut-poursuivre-sa-carriere\/"},"modified":"2019-05-28T15:13:57","modified_gmt":"2019-05-28T19:13:57","slug":"international-om-balotelli-sait-ou-il-veut-poursuivre-sa-carriere","status":"publish","type":"post","link":"https:\/\/linitiative.ca\/International\/international-om-balotelli-sait-ou-il-veut-poursuivre-sa-carriere\/","title":{"rendered":"International : OM : Balotelli sait o\u00f9 il veut poursuivre sa carri\u00e8re"},"content":{"rendered":"<div readability=\"32\">\n<p>Auteur : <span class=\"time\">mardi 28 mai 2019 14:30<\/span><\/p>\n<\/div>\n<div id=\"post_core\" readability=\"47\">\n<p>Une hypoth\u00e8se qui pourrait rapidement \u00eatre \u00e9cart\u00e9e. En effet, Maxifoot.fr explique que l&rsquo;attaquant italien a d&rsquo;autres plans en t\u00eate. Ainsi, le site internet fran\u00e7ais indique que le buteur phoc\u00e9en d\u00e9sire, comme c&rsquo;est le cas depuis de nombreux mois d\u00e9sormais, retourner en Serie A. Avec une volont\u00e9 pr\u00e9cise, celle de d\u00e9fendre les couleurs de Naples. D&rsquo;un point de vue familial, tout d&rsquo;abord, puisque Balotelli a \u00e9mis le souhait de se rapprocher un maximum de sa famille. Mais \u00e9galement d&rsquo;un point de vue sportif, puisque la formation du sud de l&rsquo;Italie, vice-championne de Serie A, est qualifi\u00e9e pour la prochaine Ligue des Champions. Un argument de poids qui devrait peser lourd dans la balance.<\/p>\n<p><strong>Publi\u00e9 dans :<\/strong> <span>balotelli<\/span> <span>Naples<\/span> <span>OM<\/span><\/p>\n<\/div>\n<p>Auteur:<br \/>\n<a href=\"http:\/\/www.lebuteur.com\/article\/detail?titre=om-balotelli-sait-ou-il-veut-poursuivre-sa-carriere&#038;id=89170&#038;utm_source=feedburner&#038;utm_medium=feed&#038;utm_campaign=Feed%3A+GalerieFArtciles+%28Les+derniers+articles++-+lebuteur.com%29\">Cliquez ici pour lire l&rsquo;article depuis sa source.<\/a><\/p>\n","protected":false},"excerpt":{"rendered":"<p>Auteur : mardi 28 mai 2019 14:30 Une hypoth\u00e8se qui pourrait rapidement \u00eatre \u00e9cart\u00e9e. En effet, Maxifoot.fr explique que l&rsquo;attaquant italien a d&rsquo;autres plans en t\u00eate. Ainsi, le site internet fran\u00e7ais indique que le buteur phoc\u00e9en d\u00e9sire, comme c&rsquo;est le cas depuis de nombreux mois d\u00e9sormais, retourner en Serie A. Avec une volont\u00e9 pr\u00e9cise, celle [&hellip;]<\/p>\n","protected":false},"author":1738,"featured_media":37229,"comment_status":"closed","ping_status":"closed","sticky":false,"template":"","format":"standard","meta":{"fifu_image_url":"","fifu_image_alt":"","footnotes":""},"categories":[53,75],"tags":[],"class_list":["post-37228","post","type-post","status-publish","format-standard","has-post-thumbnail","hentry","category-algerie","category-sport"],"_links":{"self":[{"href":"https:\/\/linitiative.ca\/International\/wp-json\/wp\/v2\/posts\/37228","targetHints":{"allow":["GET"]}}],"collection":[{"href":"https:\/\/linitiative.ca\/International\/wp-json\/wp\/v2\/posts"}],"about":[{"href":"https:\/\/linitiative.ca\/International\/wp-json\/wp\/v2\/types\/post"}],"author":[{"embeddable":true,"href":"https:\/\/linitiative.ca\/International\/wp-json\/wp\/v2\/users\/1738"}],"replies":[{"embeddable":true,"href":"https:\/\/linitiative.ca\/International\/wp-json\/wp\/v2\/comments?post=37228"}],"version-history":[{"count":0,"href":"https:\/\/linitiative.ca\/International\/wp-json\/wp\/v2\/posts\/37228\/revisions"}],"wp:featuredmedia":[{"embeddable":true,"href":"https:\/\/linitiative.ca\/International\/wp-json\/"}],"wp:attachment":[{"href":"https:\/\/linitiative.ca\/International\/wp-json\/wp\/v2\/media?parent=37228"}],"wp:term":[{"taxonomy":"category","embeddable":true,"href":"https:\/\/linitiative.ca\/International\/wp-json\/wp\/v2\/categories?post=37228"},{"taxonomy":"post_tag","embeddable":true,"href":"https:\/\/linitiative.ca\/International\/wp-json\/wp\/v2\/tags?post=37228"}],"curies":[{"name":"wp","href":"https:\/\/api.w.org\/{rel}","templated":true}]}}