{"id":37230,"date":"2019-05-28T15:13:59","date_gmt":"2019-05-28T19:13:59","guid":{"rendered":"https:\/\/linitiative.ca\/International\/international-atletico-morata-veut-rester-tres-longtemps\/"},"modified":"2019-05-28T15:13:59","modified_gmt":"2019-05-28T19:13:59","slug":"international-atletico-morata-veut-rester-tres-longtemps","status":"publish","type":"post","link":"https:\/\/linitiative.ca\/International\/international-atletico-morata-veut-rester-tres-longtemps\/","title":{"rendered":"International : Atl\u00e9tico : Morata veut rester (tr\u00e8s) longtemps"},"content":{"rendered":"<div readability=\"32\">\n<p>Auteur : <span class=\"time\">mardi 28 mai 2019 15:00<\/span><\/p>\n<\/div>\n<div id=\"post_core\" readability=\"44\">\n<p>Tellement, qu&rsquo;il souhaiterait y terminer sa carri\u00e8re. Dans des propos relay\u00e9s par Football, l&rsquo;avant-centre espagnol n&rsquo;y va pas par quatre chemins: \u00ab\u00a0J&rsquo;ai indiqu\u00e9 tr\u00e8s clairement que je voulais rester ici. Je ne pense m\u00eame pas \u00e0 un possible d\u00e9part. Je suis content ici et je veux y rester jusqu&rsquo;\u00e0 la fin de ma carri\u00e8re professionnelle.\u00a0\u00bb<\/p>\n<p>Un cri du c\u0153ur qui ne laissera pas insensibles les supporters de Colchoneros qui voient actuellement l&rsquo;effectif madril\u00e8ne en plein bouleversement, avec notamment le d\u00e9part de Diego Godin et les h\u00e9sitations sans fin d&rsquo;Antoine Griezmann.<\/p>\n<p><strong>Publi\u00e9 dans :<\/strong> <span>morata<\/span> <span>Atl\u00e9tico<\/span><\/p>\n<\/div>\n<p>Auteur:<br \/>\n<a href=\"http:\/\/www.lebuteur.com\/article\/detail?titre=atletico-morata-veut-rester-tres-longtemps&#038;id=89171&#038;utm_source=feedburner&#038;utm_medium=feed&#038;utm_campaign=Feed%3A+GalerieFArtciles+%28Les+derniers+articles++-+lebuteur.com%29\">Cliquez ici pour lire l&rsquo;article depuis sa source.<\/a><\/p>\n","protected":false},"excerpt":{"rendered":"<p>Auteur : mardi 28 mai 2019 15:00 Tellement, qu&rsquo;il souhaiterait y terminer sa carri\u00e8re. Dans des propos relay\u00e9s par Football, l&rsquo;avant-centre espagnol n&rsquo;y va pas par quatre chemins: \u00ab\u00a0J&rsquo;ai indiqu\u00e9 tr\u00e8s clairement que je voulais rester ici. Je ne pense m\u00eame pas \u00e0 un possible d\u00e9part. Je suis content ici et je veux y rester [&hellip;]<\/p>\n","protected":false},"author":1738,"featured_media":37231,"comment_status":"closed","ping_status":"closed","sticky":false,"template":"","format":"standard","meta":{"fifu_image_url":"","fifu_image_alt":"","footnotes":""},"categories":[53,75],"tags":[],"class_list":["post-37230","post","type-post","status-publish","format-standard","has-post-thumbnail","hentry","category-algerie","category-sport"],"_links":{"self":[{"href":"https:\/\/linitiative.ca\/International\/wp-json\/wp\/v2\/posts\/37230","targetHints":{"allow":["GET"]}}],"collection":[{"href":"https:\/\/linitiative.ca\/International\/wp-json\/wp\/v2\/posts"}],"about":[{"href":"https:\/\/linitiative.ca\/International\/wp-json\/wp\/v2\/types\/post"}],"author":[{"embeddable":true,"href":"https:\/\/linitiative.ca\/International\/wp-json\/wp\/v2\/users\/1738"}],"replies":[{"embeddable":true,"href":"https:\/\/linitiative.ca\/International\/wp-json\/wp\/v2\/comments?post=37230"}],"version-history":[{"count":0,"href":"https:\/\/linitiative.ca\/International\/wp-json\/wp\/v2\/posts\/37230\/revisions"}],"wp:featuredmedia":[{"embeddable":true,"href":"https:\/\/linitiative.ca\/International\/wp-json\/"}],"wp:attachment":[{"href":"https:\/\/linitiative.ca\/International\/wp-json\/wp\/v2\/media?parent=37230"}],"wp:term":[{"taxonomy":"category","embeddable":true,"href":"https:\/\/linitiative.ca\/International\/wp-json\/wp\/v2\/categories?post=37230"},{"taxonomy":"post_tag","embeddable":true,"href":"https:\/\/linitiative.ca\/International\/wp-json\/wp\/v2\/tags?post=37230"}],"curies":[{"name":"wp","href":"https:\/\/api.w.org\/{rel}","templated":true}]}}