{"id":37236,"date":"2019-05-28T15:14:05","date_gmt":"2019-05-28T19:14:05","guid":{"rendered":"https:\/\/linitiative.ca\/International\/international-bentaleb-met-schalke-04-dans-lembarras\/"},"modified":"2019-05-28T15:14:05","modified_gmt":"2019-05-28T19:14:05","slug":"international-bentaleb-met-schalke-04-dans-lembarras","status":"publish","type":"post","link":"https:\/\/linitiative.ca\/International\/international-bentaleb-met-schalke-04-dans-lembarras\/","title":{"rendered":"International : Bentaleb met Schalke 04 dans l\u2019embarras"},"content":{"rendered":"<div readability=\"32\">\n<p>Auteur : <span>Riad O.<\/span> <span class=\"time\">mardi 28 mai 2019 19:11<\/span><\/p>\n<\/div>\n<div id=\"post_core\" readability=\"43\">\n<p>Le tr\u00e8s s\u00e9rieux m\u00e9dia allemand, Bild a r\u00e9v\u00e9l\u00e9 que Nabil Bentaleb n\u2019a gu\u00e8re envi de quitter Schalke 04. Arriv\u00e9 au club de Gelsenkirchen il y\u2019a de cela trois saisons, le joueur Alg\u00e9rien de 24ans a, selon la m\u00eame source, l\u2019intention de poursuivre l\u2019aventure avec Schalke 04 la saison prochaine. En revanche, la direction de Schalke 04 n\u2019est pas de ce m\u00eame avis, elle qui veut se s\u00e9parer de son joueur Alg\u00e9rien. Les Allemands seraient d\u2019ailleurs m\u00eame pr\u00eats \u00e0 revoir \u00e0 la baisse leurs exigences financi\u00e8res pour la lib\u00e9ration de Bentaleb avec un prix de\u00a0 15 millions d\u2019euros.<\/p>\n<p><strong>Publi\u00e9 dans :<\/strong> <span>Schalke 04<\/span><\/p>\n<\/div>\n<p>Auteur:<br \/>\n<a href=\"http:\/\/www.lebuteur.com\/article\/detail?titre=bentaleb-met-schalke-04-dans-lembarras&#038;id=89175&#038;utm_source=feedburner&#038;utm_medium=feed&#038;utm_campaign=Feed%3A+GalerieFArtciles+%28Les+derniers+articles++-+lebuteur.com%29\">Cliquez ici pour lire l&rsquo;article depuis sa source.<\/a><\/p>\n","protected":false},"excerpt":{"rendered":"<p>Auteur : Riad O. mardi 28 mai 2019 19:11 Le tr\u00e8s s\u00e9rieux m\u00e9dia allemand, Bild a r\u00e9v\u00e9l\u00e9 que Nabil Bentaleb n\u2019a gu\u00e8re envi de quitter Schalke 04. Arriv\u00e9 au club de Gelsenkirchen il y\u2019a de cela trois saisons, le joueur Alg\u00e9rien de 24ans a, selon la m\u00eame source, l\u2019intention de poursuivre l\u2019aventure avec Schalke 04 [&hellip;]<\/p>\n","protected":false},"author":1738,"featured_media":37237,"comment_status":"closed","ping_status":"closed","sticky":false,"template":"","format":"standard","meta":{"fifu_image_url":"","fifu_image_alt":"","footnotes":""},"categories":[53,75],"tags":[],"class_list":["post-37236","post","type-post","status-publish","format-standard","has-post-thumbnail","hentry","category-algerie","category-sport"],"_links":{"self":[{"href":"https:\/\/linitiative.ca\/International\/wp-json\/wp\/v2\/posts\/37236","targetHints":{"allow":["GET"]}}],"collection":[{"href":"https:\/\/linitiative.ca\/International\/wp-json\/wp\/v2\/posts"}],"about":[{"href":"https:\/\/linitiative.ca\/International\/wp-json\/wp\/v2\/types\/post"}],"author":[{"embeddable":true,"href":"https:\/\/linitiative.ca\/International\/wp-json\/wp\/v2\/users\/1738"}],"replies":[{"embeddable":true,"href":"https:\/\/linitiative.ca\/International\/wp-json\/wp\/v2\/comments?post=37236"}],"version-history":[{"count":0,"href":"https:\/\/linitiative.ca\/International\/wp-json\/wp\/v2\/posts\/37236\/revisions"}],"wp:featuredmedia":[{"embeddable":true,"href":"https:\/\/linitiative.ca\/International\/wp-json\/"}],"wp:attachment":[{"href":"https:\/\/linitiative.ca\/International\/wp-json\/wp\/v2\/media?parent=37236"}],"wp:term":[{"taxonomy":"category","embeddable":true,"href":"https:\/\/linitiative.ca\/International\/wp-json\/wp\/v2\/categories?post=37236"},{"taxonomy":"post_tag","embeddable":true,"href":"https:\/\/linitiative.ca\/International\/wp-json\/wp\/v2\/tags?post=37236"}],"curies":[{"name":"wp","href":"https:\/\/api.w.org\/{rel}","templated":true}]}}