{"id":37238,"date":"2019-05-28T15:14:06","date_gmt":"2019-05-28T19:14:06","guid":{"rendered":"https:\/\/linitiative.ca\/International\/pros-dfco-kombouare-donne-des-nouvelles-de-mehdi-abeid\/"},"modified":"2019-05-28T15:14:06","modified_gmt":"2019-05-28T19:14:06","slug":"pros-dfco-kombouare-donne-des-nouvelles-de-mehdi-abeid","status":"publish","type":"post","link":"https:\/\/linitiative.ca\/International\/pros-dfco-kombouare-donne-des-nouvelles-de-mehdi-abeid\/","title":{"rendered":"Pros : DFCO: Kombouar\u00e9 donne des nouvelles de Mehdi Abeid"},"content":{"rendered":"<div readability=\"32\">\n<p>Auteur : <span>Riad O.<\/span> <span class=\"time\">mardi 28 mai 2019 19:11<\/span><\/p>\n<\/div>\n<div id=\"post_core\" readability=\"41\">\n<p>Avant le barrage aller face au RC Lens, l\u2019entra\u00eeneur de Dijon, Antoine Kombouar\u00e9 \u00e9tait pr\u00e9sent aujourd\u2019hui en conf\u00e9rence de presse. L\u2019occasion pour le technicien fran\u00e7ais d\u2019\u00e9voquer la blessure de son joueur Alg\u00e9rien, Mehdi Abeid\u00a0:\u00a0\u00abMehdi Abeid \u00e9tait en manque de comp\u00e9titions, mais il s\u2019entra\u00eene.\u00bb a d\u00e9clar\u00e9 le coach de Dijon. La question qui m\u00e9rite d\u2019\u00eatre pos\u00e9e actuellement est de savoir si Abeid sera pr\u00e9sent ou pas ce jeudi face au RC Lens.<\/p>\n<p><strong>Publi\u00e9 dans :<\/strong> <span>mehdi abeid<\/span><\/p>\n<\/div>\n<p>Auteur:<br \/>\n<a href=\"http:\/\/www.lebuteur.com\/article\/detail?titre=dfco-kombouare-donne-des-nouvelles-de-mehdi-abeid&#038;id=89174&#038;utm_source=feedburner&#038;utm_medium=feed&#038;utm_campaign=Feed%3A+GalerieFArtciles+%28Les+derniers+articles++-+lebuteur.com%29\">Cliquez ici pour lire l&rsquo;article depuis sa source.<\/a><\/p>\n","protected":false},"excerpt":{"rendered":"<p>Auteur : Riad O. mardi 28 mai 2019 19:11 Avant le barrage aller face au RC Lens, l\u2019entra\u00eeneur de Dijon, Antoine Kombouar\u00e9 \u00e9tait pr\u00e9sent aujourd\u2019hui en conf\u00e9rence de presse. L\u2019occasion pour le technicien fran\u00e7ais d\u2019\u00e9voquer la blessure de son joueur Alg\u00e9rien, Mehdi Abeid\u00a0:\u00a0\u00abMehdi Abeid \u00e9tait en manque de comp\u00e9titions, mais il s\u2019entra\u00eene.\u00bb a d\u00e9clar\u00e9 le [&hellip;]<\/p>\n","protected":false},"author":1738,"featured_media":37239,"comment_status":"closed","ping_status":"closed","sticky":false,"template":"","format":"standard","meta":{"fifu_image_url":"","fifu_image_alt":"","footnotes":""},"categories":[53,75],"tags":[],"class_list":["post-37238","post","type-post","status-publish","format-standard","has-post-thumbnail","hentry","category-algerie","category-sport"],"_links":{"self":[{"href":"https:\/\/linitiative.ca\/International\/wp-json\/wp\/v2\/posts\/37238","targetHints":{"allow":["GET"]}}],"collection":[{"href":"https:\/\/linitiative.ca\/International\/wp-json\/wp\/v2\/posts"}],"about":[{"href":"https:\/\/linitiative.ca\/International\/wp-json\/wp\/v2\/types\/post"}],"author":[{"embeddable":true,"href":"https:\/\/linitiative.ca\/International\/wp-json\/wp\/v2\/users\/1738"}],"replies":[{"embeddable":true,"href":"https:\/\/linitiative.ca\/International\/wp-json\/wp\/v2\/comments?post=37238"}],"version-history":[{"count":0,"href":"https:\/\/linitiative.ca\/International\/wp-json\/wp\/v2\/posts\/37238\/revisions"}],"wp:featuredmedia":[{"embeddable":true,"href":"https:\/\/linitiative.ca\/International\/wp-json\/"}],"wp:attachment":[{"href":"https:\/\/linitiative.ca\/International\/wp-json\/wp\/v2\/media?parent=37238"}],"wp:term":[{"taxonomy":"category","embeddable":true,"href":"https:\/\/linitiative.ca\/International\/wp-json\/wp\/v2\/categories?post=37238"},{"taxonomy":"post_tag","embeddable":true,"href":"https:\/\/linitiative.ca\/International\/wp-json\/wp\/v2\/tags?post=37238"}],"curies":[{"name":"wp","href":"https:\/\/api.w.org\/{rel}","templated":true}]}}