{"id":37247,"date":"2019-05-28T11:55:46","date_gmt":"2019-05-28T15:55:46","guid":{"rendered":"https:\/\/linitiative.ca\/International\/89995-athletisme-lahoulou-engage-dans-deux-meetings-a-stockholm-et-prague\/"},"modified":"2019-05-28T11:55:46","modified_gmt":"2019-05-28T15:55:46","slug":"89995-athletisme-lahoulou-engage-dans-deux-meetings-a-stockholm-et-prague","status":"publish","type":"post","link":"https:\/\/linitiative.ca\/International\/89995-athletisme-lahoulou-engage-dans-deux-meetings-a-stockholm-et-prague\/","title":{"rendered":"Athl\u00e9tisme: Lahoulou engag\u00e9 dans deux meetings \u00e0 Stockholm et Prague"},"content":{"rendered":"<div>\n<div class=\"K2FeedIntroText\">\n<p><strong>ALGER &#8211; Le hurdler alg\u00e9rien Abdelmalik Lahoulou disputera le 400m\/haies des meetings de Stockholm et Prague, pr\u00e9vus respectivement les 30 mai et 3 juin, a-t-on appris mardi de la F\u00e9d\u00e9ration alg\u00e9rienne d&rsquo;athl\u00e9tisme (FAA).<\/strong><\/p>\n<\/div>\n<div class=\"K2FeedFullText\">\n<p>Lahoulou, champion arabe et africain en titre, reste sur une assez bonne performance au Challenge mondial de l&rsquo;IAAF, disput\u00e9 le 21 mai \u00e0 Nanjing (Chine), o\u00f9 il avait occup\u00e9 la 4e place avec un chrono de 49.38.<\/p>\n<p>A Stockholm, Lahoulou sera oppos\u00e9 \u00e0 certains grands sp\u00e9cialistes de l&rsquo;\u00e9preuve, notamment, l&rsquo;Irlandais Thomas Barr (49.41), le Su\u00e9dois Carl Bengtstrom (50.20), le Polonais Patryk Dobek (49.23), les Am\u00e9ricains TJ Holmes (48.30) et Kenneth Selmon (48.12), ainsi que l&rsquo;Estonien Rasmus Magi (49.69) et le Norv\u00e9gien Karsten Warholm (47.64).<\/p>\n<p>M\u00eame cas de figure au M\u00e9morial Josef-Odlozil de R\u00e9publique tch\u00e8que, puisque l\u00e0 encore, Lahoulou sera confront\u00e9 \u00e0 certains bons hurdlers, notamment les Am\u00e9ricains Johnny Dutch (47.63) et Kenny Selmon (48.12), ainsi que le Sud-africain Cornel Fredericks (48.14), le Polonais Patryk Dobek (48.40) et le Russe Timofey Chalyy (48.57).<\/p>\n<p>Auteur de 48.95 aux derniers Championnats arabes disput\u00e9s au Caire (Egypte), Lahoulou s&rsquo;est fix\u00e9 comme principal objectif cette saison les Jeux Africains au Maroc et les Mondiaux de Doha.<\/p>\n<\/div>\n<p><img loading=\"lazy\" decoding=\"async\" src=\"http:\/\/feeds.feedburner.com\/~r\/aps-sport\/~4\/2ESlR9o9Joo\" height=\"1\" width=\"1\" alt=\"\"><\/div>\n<p>Auteur:<br \/>\n<a href=\"http:\/\/www.aps.dz\/sport\/89995-athletisme-lahoulou-engage-dans-deux-meetings-a-stockholm-et-prague?utm_source=feedburner&#038;utm_medium=feed&#038;utm_campaign=Feed%3A+aps-sport+%28APS+-+SPORT%29\">Cliquez ici pour lire l&rsquo;article depuis sa source.<\/a><\/p>\n","protected":false},"excerpt":{"rendered":"<p>ALGER &#8211; Le hurdler alg\u00e9rien Abdelmalik Lahoulou disputera le 400m\/haies des meetings de Stockholm et Prague, pr\u00e9vus respectivement les 30 mai et 3 juin, a-t-on appris mardi de la F\u00e9d\u00e9ration alg\u00e9rienne d&rsquo;athl\u00e9tisme (FAA). Lahoulou, champion arabe et africain en titre, reste sur une assez bonne performance au Challenge mondial de l&rsquo;IAAF, disput\u00e9 le 21 mai [&hellip;]<\/p>\n","protected":false},"author":1790,"featured_media":0,"comment_status":"closed","ping_status":"closed","sticky":false,"template":"","format":"standard","meta":{"fifu_image_url":"","fifu_image_alt":"","footnotes":""},"categories":[53,75],"tags":[],"class_list":["post-37247","post","type-post","status-publish","format-standard","hentry","category-algerie","category-sport"],"_links":{"self":[{"href":"https:\/\/linitiative.ca\/International\/wp-json\/wp\/v2\/posts\/37247","targetHints":{"allow":["GET"]}}],"collection":[{"href":"https:\/\/linitiative.ca\/International\/wp-json\/wp\/v2\/posts"}],"about":[{"href":"https:\/\/linitiative.ca\/International\/wp-json\/wp\/v2\/types\/post"}],"author":[{"embeddable":true,"href":"https:\/\/linitiative.ca\/International\/wp-json\/wp\/v2\/users\/1790"}],"replies":[{"embeddable":true,"href":"https:\/\/linitiative.ca\/International\/wp-json\/wp\/v2\/comments?post=37247"}],"version-history":[{"count":0,"href":"https:\/\/linitiative.ca\/International\/wp-json\/wp\/v2\/posts\/37247\/revisions"}],"wp:attachment":[{"href":"https:\/\/linitiative.ca\/International\/wp-json\/wp\/v2\/media?parent=37247"}],"wp:term":[{"taxonomy":"category","embeddable":true,"href":"https:\/\/linitiative.ca\/International\/wp-json\/wp\/v2\/categories?post=37247"},{"taxonomy":"post_tag","embeddable":true,"href":"https:\/\/linitiative.ca\/International\/wp-json\/wp\/v2\/tags?post=37247"}],"curies":[{"name":"wp","href":"https:\/\/api.w.org\/{rel}","templated":true}]}}