{"id":37248,"date":"2019-05-28T13:58:00","date_gmt":"2019-05-28T17:58:00","guid":{"rendered":"https:\/\/linitiative.ca\/International\/presidentielle-el-moudjahid-evoque-une-periode-de-transition\/"},"modified":"2019-05-28T13:58:00","modified_gmt":"2019-05-28T17:58:00","slug":"presidentielle-el-moudjahid-evoque-une-periode-de-transition","status":"publish","type":"post","link":"https:\/\/linitiative.ca\/International\/presidentielle-el-moudjahid-evoque-une-periode-de-transition\/","title":{"rendered":"PRESIDENTIELLE  : El-Moudjahid \u00e9voque une \u2018\u2019p\u00e9riode de transition\u2019\u2019"},"content":{"rendered":"<p><br id=\"sep_para_1\" class=\"sep_para access\"\/><\/p>\n<div id=\"para_1\" class=\"para_31331226 resize\">\n<div class=\"texte access firstletter\">Apr\u00e8s avoir d\u00e9fendu l\u2019option avec acharnement jusqu\u2019\u00e0 la semaine derni\u00e8re, El Moudjahid ne croit plus \u00e0 l\u2019\u00e9lection pr\u00e9sidentielle du 4 juillet. \u00ab Disons-le franchement, quand bien m\u00eame le Conseil constitutionnel viendrait \u00e0 valider les deux candidatures, les seules qui lui ont \u00e9t\u00e9 remises pour examen sur un total de 77 lettres d\u2019intention de candidature, le fait de pers\u00e9v\u00e9rer sur la voie d\u2019une pr\u00e9sidentielle le 4 juillet, n\u2019est ni plus ni moins qu\u2019une anticipation de l\u2019\u00e9chec \u00bb, affirme le quotidien gouvernemental dans son \u00e9dition de ce mardi 28 mai. Pour El Moudjahid, \u00ab forc\u00e9ment, la solution \u00e0 la crise politique se trouve donc ailleurs \u00bb. O\u00f9 ? Dans son \u00e9ditorial, le journal \u00e9voque une p\u00e9riode de transition. \u00ab La r\u00e9flexion se dirige vers l\u2019instauration d\u2019une p\u00e9riode de transition qui soit la plus courte possible, durant laquelle il faudrait proc\u00e9der \u00e0 la cr\u00e9ation d\u2019une commission ind\u00e9pendante de l\u2019organisation du scrutin \u00bb, explique-t-il. Le journal gouvernemental plaide en faveur d\u2019une transition en douceur. \u00ab Il est (\u2026) illusoire de s\u2019attendre \u00e0 un bouleversement radical d\u2019un syst\u00e8me aux commandes des affaires du pays depuis des d\u00e9cennies, et c\u2019est pour cette raison que le changement ne sera que progressif. Le mouvement populaire a d\u00e9j\u00e0 \u00e9t\u00e9 \u00e0 l\u2019origine de nombreux acquis, et prolonger la crise ne ferait qu\u2019hypoth\u00e9quer d\u2019autres r\u00e9alisations. La crainte est \u00e9galement celle d\u2019une d\u00e9gradation de la situation s\u00e9curitaire et \u00e9conomique \u00bb, explique-t-il.\u00a0<\/div>\n<\/div>\n<p>Auteur: Ismain<br \/>\n<a href=\"https:\/\/www.reflexiondz.net\/PRESIDENTIELLE-El-Moudjahid-evoque-une-periode-de-transition_a56029.html\">Cliquez ici pour lire l&rsquo;article depuis sa source.<\/a><\/p>\n","protected":false},"excerpt":{"rendered":"<p>Apr\u00e8s avoir d\u00e9fendu l\u2019option avec acharnement jusqu\u2019\u00e0 la semaine derni\u00e8re, El Moudjahid ne croit plus \u00e0 l\u2019\u00e9lection pr\u00e9sidentielle du 4 juillet. \u00ab Disons-le franchement, quand bien m\u00eame le Conseil constitutionnel viendrait \u00e0 valider les deux candidatures, les seules qui lui ont \u00e9t\u00e9 remises pour examen sur un total de 77 lettres d\u2019intention de candidature, le [&hellip;]<\/p>\n","protected":false},"author":1740,"featured_media":0,"comment_status":"closed","ping_status":"closed","sticky":false,"template":"","format":"standard","meta":{"fifu_image_url":"","fifu_image_alt":"","footnotes":""},"categories":[53,76],"tags":[],"class_list":["post-37248","post","type-post","status-publish","format-standard","hentry","category-algerie","category-regions"],"_links":{"self":[{"href":"https:\/\/linitiative.ca\/International\/wp-json\/wp\/v2\/posts\/37248","targetHints":{"allow":["GET"]}}],"collection":[{"href":"https:\/\/linitiative.ca\/International\/wp-json\/wp\/v2\/posts"}],"about":[{"href":"https:\/\/linitiative.ca\/International\/wp-json\/wp\/v2\/types\/post"}],"author":[{"embeddable":true,"href":"https:\/\/linitiative.ca\/International\/wp-json\/wp\/v2\/users\/1740"}],"replies":[{"embeddable":true,"href":"https:\/\/linitiative.ca\/International\/wp-json\/wp\/v2\/comments?post=37248"}],"version-history":[{"count":0,"href":"https:\/\/linitiative.ca\/International\/wp-json\/wp\/v2\/posts\/37248\/revisions"}],"wp:attachment":[{"href":"https:\/\/linitiative.ca\/International\/wp-json\/wp\/v2\/media?parent=37248"}],"wp:term":[{"taxonomy":"category","embeddable":true,"href":"https:\/\/linitiative.ca\/International\/wp-json\/wp\/v2\/categories?post=37248"},{"taxonomy":"post_tag","embeddable":true,"href":"https:\/\/linitiative.ca\/International\/wp-json\/wp\/v2\/tags?post=37248"}],"curies":[{"name":"wp","href":"https:\/\/api.w.org\/{rel}","templated":true}]}}