{"id":37249,"date":"2019-05-28T13:58:00","date_gmt":"2019-05-28T17:58:00","guid":{"rendered":"https:\/\/linitiative.ca\/International\/situation-politique-gaid-salah-reitere-son-appel-au-dialogue\/"},"modified":"2019-05-28T13:58:00","modified_gmt":"2019-05-28T17:58:00","slug":"situation-politique-gaid-salah-reitere-son-appel-au-dialogue","status":"publish","type":"post","link":"https:\/\/linitiative.ca\/International\/situation-politique-gaid-salah-reitere-son-appel-au-dialogue\/","title":{"rendered":"SITUATION POLITIQUE : Gaid Salah r\u00e9it\u00e8re  son appel au dialogue"},"content":{"rendered":"<p><br id=\"sep_para_1\" class=\"sep_para access\"\/><\/p>\n<div id=\"para_1\" class=\"para_31331225 resize\">\n<div class=\"photo shadow left\"><a href=\"javascript:void(0)\" rel=\"https:\/\/www.reflexiondz.net\/photo\/art\/grande\/34216227-31331225.jpg?v=1559067841&#038;ibox\" title=\"SITUATION POLITIQUE : Gaid Salah r\u00e9it\u00e8re son appel au dialogue\"><img decoding=\"async\" class=\"responsive c9\" src=\"https:\/\/www.reflexiondz.net\/photo\/art\/grande\/34216227-31331225.jpg?v=1559067841\" alt=\"SITUATION POLITIQUE : Gaid Salah r\u00e9it\u00e8re son appel au dialogue\" title=\"SITUATION POLITIQUE : Gaid Salah r\u00e9it\u00e8re son appel au dialogue\"\/><img decoding=\"async\" class=\"not-responsive\" src=\"https:\/\/www.reflexiondz.net\/photo\/art\/default\/34216227-31331225.jpg?v=1559067843\" alt=\"SITUATION POLITIQUE : Gaid Salah r\u00e9it\u00e8re son appel au dialogue\" title=\"SITUATION POLITIQUE : Gaid Salah r\u00e9it\u00e8re son appel au dialogue\"\/><\/a><\/div>\n<div class=\"texte access firstletter\">Dans des extraits de son discours diffus\u00e9s par la t\u00e9l\u00e9vision publique, le vice-ministre de la D\u00e9fense nationale a estim\u00e9 que la seule solution pour une sortie de crise est \u00ab le dialogue s\u00e9rieux, r\u00e9aliste et constructif \u00bb. \u00ab J\u2019ai affirm\u00e9 \u00e0 maintes reprises et je le r\u00e9p\u00e8te aujourd\u2019hui une fois encore, que l\u2019unique voie pour r\u00e9soudre la crise que vit notre pays est d\u2019adopter la voie du dialogue s\u00e9rieux, rationnel, constructif et clairvoyant, qui place l\u2019Alg\u00e9rie au-dessus de toute consid\u00e9ration \u00bb, insiste le chef d\u2019Etat-major. Car, dit-il \u00ab l\u2019\u00e9tablissement du dialogue signifie la disponibilit\u00e9 de tous \u00e0 s\u2019entendre et s\u2019\u00e9couter mutuellement, avec pond\u00e9ration, s\u00e9r\u00e9nit\u00e9, engagement et une aspiration sinc\u00e8re vers la n\u00e9cessit\u00e9, voire l\u2019imp\u00e9ratif, de trouver les solutions idoines sans d\u00e9lai \u00bb. Ga\u00efd Salah a ajout\u00e9 : \u00ab Nous devons, en tant qu\u2019Alg\u00e9riens, tirer l\u2019enseignement des exp\u00e9riences et des \u00e9v\u00e8nements tragiques pass\u00e9s, o\u00f9 la raison \u00e9tait absente, et dont l\u2019unique perdant \u00e9tait la patrie. Aussi, nous insistons sur la n\u00e9cessit\u00e9 que toutes les parties fassent preuve de responsabilit\u00e9 \u00e0 faire du dialogue la bou\u00e9e de sauvetage de la patrie \u00bb. Selon le vice-ministre de la d\u00e9fense, le peuple alg\u00e9rien, d\u00e9vou\u00e9 \u00e0 sa patrie, et conscient de l\u2019importance d\u2019aboutir rapidement \u00e0 des issues ad\u00e9quates \u00e0 cette crise, ne veut plus revivre les exp\u00e9riences douloureuses ant\u00e9rieures, dont il a subi les affres et souffert terriblement des r\u00e9percussions, tout comme il n\u2019oublie pas et ne veut pas oublier cette p\u00e9nible p\u00e9riode qu\u2019il a v\u00e9cue durant les ann\u00e9es 90.<\/div>\n<\/div>\n<p>Auteur: Ismain<br \/>\n<a href=\"https:\/\/www.reflexiondz.net\/SITUATION-POLITIQUE-Gaid-Salah-reitere-son-appel-au-dialogue_a56028.html\">Cliquez ici pour lire l&rsquo;article depuis sa source.<\/a><\/p>\n","protected":false},"excerpt":{"rendered":"<p>Dans des extraits de son discours diffus\u00e9s par la t\u00e9l\u00e9vision publique, le vice-ministre de la D\u00e9fense nationale a estim\u00e9 que la seule solution pour une sortie de crise est \u00ab le dialogue s\u00e9rieux, r\u00e9aliste et constructif \u00bb. \u00ab J\u2019ai affirm\u00e9 \u00e0 maintes reprises et je le r\u00e9p\u00e8te aujourd\u2019hui une fois encore, que l\u2019unique voie pour [&hellip;]<\/p>\n","protected":false},"author":1740,"featured_media":0,"comment_status":"closed","ping_status":"closed","sticky":false,"template":"","format":"standard","meta":{"fifu_image_url":"","fifu_image_alt":"","footnotes":""},"categories":[53,76],"tags":[],"class_list":["post-37249","post","type-post","status-publish","format-standard","hentry","category-algerie","category-regions"],"_links":{"self":[{"href":"https:\/\/linitiative.ca\/International\/wp-json\/wp\/v2\/posts\/37249","targetHints":{"allow":["GET"]}}],"collection":[{"href":"https:\/\/linitiative.ca\/International\/wp-json\/wp\/v2\/posts"}],"about":[{"href":"https:\/\/linitiative.ca\/International\/wp-json\/wp\/v2\/types\/post"}],"author":[{"embeddable":true,"href":"https:\/\/linitiative.ca\/International\/wp-json\/wp\/v2\/users\/1740"}],"replies":[{"embeddable":true,"href":"https:\/\/linitiative.ca\/International\/wp-json\/wp\/v2\/comments?post=37249"}],"version-history":[{"count":0,"href":"https:\/\/linitiative.ca\/International\/wp-json\/wp\/v2\/posts\/37249\/revisions"}],"wp:attachment":[{"href":"https:\/\/linitiative.ca\/International\/wp-json\/wp\/v2\/media?parent=37249"}],"wp:term":[{"taxonomy":"category","embeddable":true,"href":"https:\/\/linitiative.ca\/International\/wp-json\/wp\/v2\/categories?post=37249"},{"taxonomy":"post_tag","embeddable":true,"href":"https:\/\/linitiative.ca\/International\/wp-json\/wp\/v2\/tags?post=37249"}],"curies":[{"name":"wp","href":"https:\/\/api.w.org\/{rel}","templated":true}]}}