{"id":37251,"date":"2019-05-28T13:58:00","date_gmt":"2019-05-28T17:58:00","guid":{"rendered":"https:\/\/linitiative.ca\/International\/sidi-bel-abbes-lexplosion-de-02-bombes-fait-01-mort-et-01-blesse\/"},"modified":"2019-05-28T13:58:00","modified_gmt":"2019-05-28T17:58:00","slug":"sidi-bel-abbes-lexplosion-de-02-bombes-fait-01-mort-et-01-blesse","status":"publish","type":"post","link":"https:\/\/linitiative.ca\/International\/sidi-bel-abbes-lexplosion-de-02-bombes-fait-01-mort-et-01-blesse\/","title":{"rendered":"SIDI BEL ABBES : L&rsquo;explosion de 02 bombes fait 01 mort et 01 bless\u00e9"},"content":{"rendered":"<p><br id=\"sep_para_1\" class=\"sep_para access\"\/><\/p>\n<div id=\"para_1\" class=\"para_31331167 resize\">\n<div class=\"photo shadow left\"><a href=\"javascript:void(0)\" rel=\"https:\/\/www.reflexiondz.net\/photo\/art\/grande\/34216079-31331167.jpg?v=1559067845&#038;ibox\" title=\"SIDI BEL ABBES : L'explosion de 02 bombes fait 01 mort et 01 bless\u00e9\"><img decoding=\"async\" class=\"responsive c9\" src=\"https:\/\/www.reflexiondz.net\/photo\/art\/grande\/34216079-31331167.jpg?v=1559067845\" alt=\"SIDI BEL ABBES : L'explosion de 02 bombes fait 01 mort et 01 bless\u00e9\" title=\"SIDI BEL ABBES : L'explosion de 02 bombes fait 01 mort et 01 bless\u00e9\"\/><img decoding=\"async\" class=\"not-responsive\" src=\"https:\/\/www.reflexiondz.net\/photo\/art\/default\/34216079-31331167.jpg?v=1559067847\" alt=\"SIDI BEL ABBES : L'explosion de 02 bombes fait 01 mort et 01 bless\u00e9\" title=\"SIDI BEL ABBES : L'explosion de 02 bombes fait 01 mort et 01 bless\u00e9\"\/><\/a><\/div>\n<div class=\"texte access firstletter\">La commune de M\u00e9rine, 60 km au sud de Sidi Bel Abb\u00e8s, a \u00e9t\u00e9 le th\u00e9\u00e2tre de 02 attentats terroristes distincts perp\u00e9tr\u00e9s contre deux agriculteurs, ex-patriotes ayant collabor\u00e9 avec les \u00e9l\u00e9ments des forces de l&rsquo;ANP depuis la d\u00e9cennie noire. Le premier attentat a eu lieu lundi 27 mai 2019, pr\u00e8s\u00a0 de la ferme agricole appartenant au d\u00e9nomm\u00e9 K.B ,69 ans. L&rsquo;engin de fabrication artisanale a explos\u00e9 au passage de l&rsquo;agriculteur. Heureusement, il l&rsquo;a \u00e9chapp\u00e9 belle gr\u00e2ce au tracteur agricole qu&rsquo;il conduisait lequel aurait bien amorti la d\u00e9flagration. Evacu\u00e9 en urgence vers l&rsquo;EPH de Telagh, il sera ensuite transf\u00e9r\u00e9 vers les U.M.C du CHU Hassani Abdelkader de Sidi Bel Abb\u00e8s. La seconde bombe, pos\u00e9e par les terroristes\u00a0 sous un\u00a0 matelas de la ferme en construction,\u00a0 sur lequel M, H,\u00a0 65 ans se reposait, comme d&rsquo;habitude apr\u00e8s des moments de labeur.\u00a0 Elle a donc explos\u00e9\u00a0 ce mardi matin, aux environs de 8h, sous la t\u00eate\u00a0 de l&rsquo;infortun\u00e9 agriculteur venu s&rsquo;allonger.<\/div>\n<\/div>\n<p>Auteur: M.Noui<br \/>\n<a href=\"https:\/\/www.reflexiondz.net\/SIDI-BEL-ABBES-L-explosion-de-02-bombes-fait-01-mort-et-01-blesse_a56021.html\">Cliquez ici pour lire l&rsquo;article depuis sa source.<\/a><\/p>\n","protected":false},"excerpt":{"rendered":"<p>La commune de M\u00e9rine, 60 km au sud de Sidi Bel Abb\u00e8s, a \u00e9t\u00e9 le th\u00e9\u00e2tre de 02 attentats terroristes distincts perp\u00e9tr\u00e9s contre deux agriculteurs, ex-patriotes ayant collabor\u00e9 avec les \u00e9l\u00e9ments des forces de l&rsquo;ANP depuis la d\u00e9cennie noire. Le premier attentat a eu lieu lundi 27 mai 2019, pr\u00e8s\u00a0 de la ferme agricole appartenant [&hellip;]<\/p>\n","protected":false},"author":1740,"featured_media":0,"comment_status":"closed","ping_status":"closed","sticky":false,"template":"","format":"standard","meta":{"fifu_image_url":"","fifu_image_alt":"","footnotes":""},"categories":[53,76],"tags":[],"class_list":["post-37251","post","type-post","status-publish","format-standard","hentry","category-algerie","category-regions"],"_links":{"self":[{"href":"https:\/\/linitiative.ca\/International\/wp-json\/wp\/v2\/posts\/37251","targetHints":{"allow":["GET"]}}],"collection":[{"href":"https:\/\/linitiative.ca\/International\/wp-json\/wp\/v2\/posts"}],"about":[{"href":"https:\/\/linitiative.ca\/International\/wp-json\/wp\/v2\/types\/post"}],"author":[{"embeddable":true,"href":"https:\/\/linitiative.ca\/International\/wp-json\/wp\/v2\/users\/1740"}],"replies":[{"embeddable":true,"href":"https:\/\/linitiative.ca\/International\/wp-json\/wp\/v2\/comments?post=37251"}],"version-history":[{"count":0,"href":"https:\/\/linitiative.ca\/International\/wp-json\/wp\/v2\/posts\/37251\/revisions"}],"wp:attachment":[{"href":"https:\/\/linitiative.ca\/International\/wp-json\/wp\/v2\/media?parent=37251"}],"wp:term":[{"taxonomy":"category","embeddable":true,"href":"https:\/\/linitiative.ca\/International\/wp-json\/wp\/v2\/categories?post=37251"},{"taxonomy":"post_tag","embeddable":true,"href":"https:\/\/linitiative.ca\/International\/wp-json\/wp\/v2\/tags?post=37251"}],"curies":[{"name":"wp","href":"https:\/\/api.w.org\/{rel}","templated":true}]}}