{"id":37254,"date":"2019-05-28T13:58:00","date_gmt":"2019-05-28T17:58:00","guid":{"rendered":"https:\/\/linitiative.ca\/International\/tiaret-des-comprimes-de-psychotropes-saisis\/"},"modified":"2019-05-28T13:58:00","modified_gmt":"2019-05-28T17:58:00","slug":"tiaret-des-comprimes-de-psychotropes-saisis","status":"publish","type":"post","link":"https:\/\/linitiative.ca\/International\/tiaret-des-comprimes-de-psychotropes-saisis\/","title":{"rendered":"TIARET : Des comprim\u00e9s de psychotropes saisis"},"content":{"rendered":"<p><br id=\"sep_para_1\" class=\"sep_para access\"\/><\/p>\n<div id=\"para_1\" class=\"para_31331183 resize\">\n<div class=\"texte access firstletter\">Le magistrat-instructeur, pr\u00e8s le tribunal de Sougueur, \u00e0 quelque 26 km du chef-lieu de wilaya de Tiaret et lors d&rsquo;une audience directe a condamn\u00e9 le d\u00e9nomm\u00e9 A.A \u00e0 18 mois de prison ferme avec l&rsquo;ordonnance d&rsquo;une mise sous mandat de d\u00e9p\u00f4t ainsi qu&rsquo;une amende de 50.000 dinars, lit-on dans un communiqu\u00e9 de presse\u00a0 adress\u00e9 \u00e0 notre r\u00e9daction par la cellule de communication relevant de la s\u00fbret\u00e9 de wilaya de Tiaret. En effet ,et lors d&rsquo;une patrouille motoris\u00e9e,les \u00e9l\u00e9ments de la police judiciaire relevant de la s\u00fbret\u00e9 de daira d&rsquo;Ain-Dehab,ont arr\u00eat\u00e9 le mis en cause qui faisait l\u2019objet de suspicion et \u00e9tait en possession de 6,9 grammes de kif trait\u00e9 et dans le m\u00eame contexte,indique le communiqu\u00e9 les \u00e9l\u00e9ments de la police judiciaire, relevant de la\u00a0 3 eme s\u00fbret\u00e9 urbaine de la ville de Tiaret et agissant sur informations, ont arr\u00eat\u00e9 le d\u00e9nomm\u00e9 C.M,24 ans et en fouillant son sac \u00e0 main,les policiers ont d\u00e9couvert\u00a0 quelque 106 comprim\u00e9s de psychotropes, un\u00a0 couteau de marque\u00a0\u00bbO.K.B\u00a0\u00bb,ainsi qu&rsquo;un montant de pr\u00e8s de 8 millions de centimes. Pr\u00e9sent\u00e9 par devant le magistrat-instructeur, pr\u00e8s le tribunal de Tiaret, le mis en cause a \u00e9t\u00e9 mis sous mandat de d\u00e9p\u00f4t, pr\u00e9cise le communiqu\u00e9.<\/div>\n<\/div>\n<p>Auteur: A.Benrebiha<br \/>\n<a href=\"https:\/\/www.reflexiondz.net\/TIARET-Des-comprimes-de-psychotropes-saisis_a56023.html\">Cliquez ici pour lire l&rsquo;article depuis sa source.<\/a><\/p>\n","protected":false},"excerpt":{"rendered":"<p>Le magistrat-instructeur, pr\u00e8s le tribunal de Sougueur, \u00e0 quelque 26 km du chef-lieu de wilaya de Tiaret et lors d&rsquo;une audience directe a condamn\u00e9 le d\u00e9nomm\u00e9 A.A \u00e0 18 mois de prison ferme avec l&rsquo;ordonnance d&rsquo;une mise sous mandat de d\u00e9p\u00f4t ainsi qu&rsquo;une amende de 50.000 dinars, lit-on dans un communiqu\u00e9 de presse\u00a0 adress\u00e9 \u00e0 [&hellip;]<\/p>\n","protected":false},"author":1740,"featured_media":0,"comment_status":"closed","ping_status":"closed","sticky":false,"template":"","format":"standard","meta":{"fifu_image_url":"","fifu_image_alt":"","footnotes":""},"categories":[53,76],"tags":[],"class_list":["post-37254","post","type-post","status-publish","format-standard","hentry","category-algerie","category-regions"],"_links":{"self":[{"href":"https:\/\/linitiative.ca\/International\/wp-json\/wp\/v2\/posts\/37254","targetHints":{"allow":["GET"]}}],"collection":[{"href":"https:\/\/linitiative.ca\/International\/wp-json\/wp\/v2\/posts"}],"about":[{"href":"https:\/\/linitiative.ca\/International\/wp-json\/wp\/v2\/types\/post"}],"author":[{"embeddable":true,"href":"https:\/\/linitiative.ca\/International\/wp-json\/wp\/v2\/users\/1740"}],"replies":[{"embeddable":true,"href":"https:\/\/linitiative.ca\/International\/wp-json\/wp\/v2\/comments?post=37254"}],"version-history":[{"count":0,"href":"https:\/\/linitiative.ca\/International\/wp-json\/wp\/v2\/posts\/37254\/revisions"}],"wp:attachment":[{"href":"https:\/\/linitiative.ca\/International\/wp-json\/wp\/v2\/media?parent=37254"}],"wp:term":[{"taxonomy":"category","embeddable":true,"href":"https:\/\/linitiative.ca\/International\/wp-json\/wp\/v2\/categories?post=37254"},{"taxonomy":"post_tag","embeddable":true,"href":"https:\/\/linitiative.ca\/International\/wp-json\/wp\/v2\/tags?post=37254"}],"curies":[{"name":"wp","href":"https:\/\/api.w.org\/{rel}","templated":true}]}}