{"id":37255,"date":"2019-05-28T13:58:00","date_gmt":"2019-05-28T17:58:00","guid":{"rendered":"https:\/\/linitiative.ca\/International\/education-17419-candidats-a-lexamen-de-fin-de-cycle-primaire\/"},"modified":"2019-05-28T13:58:00","modified_gmt":"2019-05-28T17:58:00","slug":"education-17419-candidats-a-lexamen-de-fin-de-cycle-primaire","status":"publish","type":"post","link":"https:\/\/linitiative.ca\/International\/education-17419-candidats-a-lexamen-de-fin-de-cycle-primaire\/","title":{"rendered":"EDUCATION : 17419 candidats \u00e0 l\u2019examen  de fin de cycle primaire"},"content":{"rendered":"<p><br id=\"sep_para_1\" class=\"sep_para access\"\/><\/p>\n<div id=\"para_1\" class=\"para_31331192 resize\">\n<div class=\"texte access firstletter\">C\u2019est aujourd\u2019hui, 29 mai 2019 que l\u2019examen de fin d\u2019ann\u00e9e de l\u2019enseignement\u00a0\u00a0 primaire session 2019,\u00a0 va se d\u00e9rouler.\u00a0 Les \u00e9preuves \u00e0 concourir en une journ\u00e9e sont : lettres arabes, math\u00e9matiques et le Fran\u00e7ais .A ce sujet, la direction de l\u2019\u00e9ducation de la wilaya a pris toutes les\u00a0 mesures organiques\u00a0 pour le bon\u00a0 d\u00e9roulement de ce rendez vous \u00e0 travers les centres d\u2019examen .Cet examen de fin de cycle de l\u2019enseignement primaire est connu sous le nom, 1ere ann\u00e9e moyenne ex 6eme. En effet, il a \u00e9t\u00e9 d\u00e9sign\u00e9 des centres d\u2019examen au nombre de 326 qui accueilleront 17419 candidats\u00a0 dont\u00a0 8483 filles et 8936 gar\u00e7ons avec un total de\u00a0 17419 candidats\u00a0 pour cette \u00e9preuve. La majorit\u00e9\u00a0 des \u00e9coles primaires ont \u00e9t\u00e9 r\u00e9serv\u00e9es \u00e0 cet examen, hormis, certains \u00e9tablissements dont le nombre de candidats demeure insuffisant. Ces derniers ont \u00e9t\u00e9 orient\u00e9s dans les centres d\u2019examen les plus proches. Cette organisation de l\u2019examen de fin de cycle primaire permettra d\u2019\u00e9viter le transport scolaire des candidats. Elle est consid\u00e9r\u00e9e comme une exp\u00e9rience r\u00e9ussie. Il y\u2019a lieu de signaler, qu\u2019Il y aura\u00a0 10 centres, en poste avanc\u00e9 pour la r\u00e9ception des sujets d\u2019examen, a-t-on indiqu\u00e9.<\/div>\n<\/div>\n<p>Auteur: G.Yacine<br \/>\n<a href=\"https:\/\/www.reflexiondz.net\/EDUCATION-17419-candidats-a-l-examen-de-fin-de-cycle-primaire_a56025.html\">Cliquez ici pour lire l&rsquo;article depuis sa source.<\/a><\/p>\n","protected":false},"excerpt":{"rendered":"<p>C\u2019est aujourd\u2019hui, 29 mai 2019 que l\u2019examen de fin d\u2019ann\u00e9e de l\u2019enseignement\u00a0\u00a0 primaire session 2019,\u00a0 va se d\u00e9rouler.\u00a0 Les \u00e9preuves \u00e0 concourir en une journ\u00e9e sont : lettres arabes, math\u00e9matiques et le Fran\u00e7ais .A ce sujet, la direction de l\u2019\u00e9ducation de la wilaya a pris toutes les\u00a0 mesures organiques\u00a0 pour le bon\u00a0 d\u00e9roulement de ce [&hellip;]<\/p>\n","protected":false},"author":1740,"featured_media":0,"comment_status":"closed","ping_status":"closed","sticky":false,"template":"","format":"standard","meta":{"fifu_image_url":"","fifu_image_alt":"","footnotes":""},"categories":[53,76],"tags":[],"class_list":["post-37255","post","type-post","status-publish","format-standard","hentry","category-algerie","category-regions"],"_links":{"self":[{"href":"https:\/\/linitiative.ca\/International\/wp-json\/wp\/v2\/posts\/37255","targetHints":{"allow":["GET"]}}],"collection":[{"href":"https:\/\/linitiative.ca\/International\/wp-json\/wp\/v2\/posts"}],"about":[{"href":"https:\/\/linitiative.ca\/International\/wp-json\/wp\/v2\/types\/post"}],"author":[{"embeddable":true,"href":"https:\/\/linitiative.ca\/International\/wp-json\/wp\/v2\/users\/1740"}],"replies":[{"embeddable":true,"href":"https:\/\/linitiative.ca\/International\/wp-json\/wp\/v2\/comments?post=37255"}],"version-history":[{"count":0,"href":"https:\/\/linitiative.ca\/International\/wp-json\/wp\/v2\/posts\/37255\/revisions"}],"wp:attachment":[{"href":"https:\/\/linitiative.ca\/International\/wp-json\/wp\/v2\/media?parent=37255"}],"wp:term":[{"taxonomy":"category","embeddable":true,"href":"https:\/\/linitiative.ca\/International\/wp-json\/wp\/v2\/categories?post=37255"},{"taxonomy":"post_tag","embeddable":true,"href":"https:\/\/linitiative.ca\/International\/wp-json\/wp\/v2\/tags?post=37255"}],"curies":[{"name":"wp","href":"https:\/\/api.w.org\/{rel}","templated":true}]}}