{"id":37256,"date":"2019-05-28T13:58:00","date_gmt":"2019-05-28T17:58:00","guid":{"rendered":"https:\/\/linitiative.ca\/International\/les-citoyens-interpellent-le-wali-doran-et-reclament-une-enquete-des-espaces-verts-detournes-a-bir-el-djir\/"},"modified":"2019-05-28T13:58:00","modified_gmt":"2019-05-28T17:58:00","slug":"les-citoyens-interpellent-le-wali-doran-et-reclament-une-enquete-des-espaces-verts-detournes-a-bir-el-djir","status":"publish","type":"post","link":"https:\/\/linitiative.ca\/International\/les-citoyens-interpellent-le-wali-doran-et-reclament-une-enquete-des-espaces-verts-detournes-a-bir-el-djir\/","title":{"rendered":"LES CITOYENS  INTERPELLENT LE WALI D&rsquo;ORAN  ET RECLAMENT UNE ENQUETE : Des espaces verts d\u00e9tourn\u00e9s \u00e0 Bir El-Djir"},"content":{"rendered":"<p><br id=\"sep_para_1\" class=\"sep_para access\"\/><\/p>\n<div id=\"para_1\" class=\"para_31331153 resize\">\n<div class=\"texte access firstletter\">Les d\u00e9tournements des terrains devant abriter des aires de d\u00e9tente et de loisirs notamment des jardins et aires de jeux\u00a0 ont \u00e9t\u00e9 d\u00e9tourn\u00e9s de leur vocation initiale pour se transformer\u00a0 par une bande de mafia bien organis\u00e9e avec la complicit\u00e9 de l&rsquo;ex maire de la commune de Bir El Djir actuellement sous d\u00e9tention pr\u00e9ventive \u00e0 la prison d&rsquo;Arzew. En effet, ces\u00a0 espaces verts ont \u00e9t\u00e9 morcel\u00e9s en lotissement et assiettes de terrain urbanisable, notamment en coop\u00e9ratives immobili\u00e8res, ont \u00e9t\u00e9 revendus au prix fort par des cadres de la wilaya et \u00e9lus locaux pour ne pas citer de nom. Par ailleurs, l&rsquo;on nous informe l&rsquo;attribution de deux\u00a0 projets mais surtout deux\u00a0 terrains \u00e0 El Akid Lotfi \u00e0 Oran-Est ont\u00a0 suscit\u00e9s la pol\u00e9mique chez les habitants du quartier r\u00e9sidentiel Akid Lotfi .Les r\u00e9sidents du quartier viennent de d\u00e9noncer ces attributions arbitraires des assiettes de terrain con\u00e7us pour abriter des projets d&rsquo;utilit\u00e9 publique, ont fait l&rsquo;objet de d\u00e9tournement de leur vocation initiale, notamment des jardins et espaces verts pour se transformer\u00a0 en h\u00f4tels et autres promotions immobili\u00e8res, du fait que ces deux assiettes ont \u00e9t\u00e9 attribu\u00e9es \u00e0 deux entreprises priv\u00e9es, en l&rsquo;occurrence, SARL Access et Sarl BCIHF, pour servir d&rsquo;assiettes d&rsquo;un projet de si\u00e8ge d&rsquo;un m\u00e9dia pour le premier et d&rsquo;une promotion immobili\u00e8re pour la seconde, a-t-on indiqu\u00e9 de m\u00eame source. Les habitants \u00e9voquent ainsi \u00abdes pratiques ill\u00e9gales que certains privil\u00e9gi\u00e9s ont r\u00e9ussi \u00e0 imposer en mettant leur mainmise sur le foncier public. Une entreprise men\u00e9e sous le couvert de projets, qui parfois ne sont que de simples pr\u00e9textes pour justifier ces d\u00e9tournements\u00bb.Les habitants d&rsquo;El Akid Lotfi ,\u00abs&rsquo;offusquent du non-respect\u00a0 des pouvoirs publics des recommandations du POS (Plan d&rsquo;occupation du sol), instrument d&rsquo;urbanisme qui fait figure de loi, et qui confirme pourtant la vocation d&rsquo;espace vert au terrain controvers\u00e9 \u00bb. Autre anomalie et non des moindres : les riverains affirment que des installations hydrauliques d&rsquo;envergure faisant partie du projet MAO se trouvent dans le sous-sol dudit terrain ce qui le rend \u00abinconstructible\u00bb. A ce propos, ils affirment m\u00eame que le terrain en question avait \u00e9t\u00e9 attribu\u00e9 \u00e0 une soci\u00e9t\u00e9 nationale \u00e0 la faveur d&rsquo;un arr\u00eat\u00e9 du wali d&rsquo;Oran. Une d\u00e9cision finalement annul\u00e9e, comme par miracle. Une entreprise men\u00e9e sous le couvert de projets, qui parfois ne sont que de simples pr\u00e9textes pour justifier ces d\u00e9tournements\u00bb. Les habitants d&rsquo;El Akid Lotfi, r\u00e9clament l&rsquo;ouverture d&rsquo;une enqu\u00eate et appellent la justice \u00e0 mettre toute la lumi\u00e8re sur les abus auxquels le foncier oranais a d\u00fb faire face depuis des ann\u00e9es.<\/div>\n<\/div>\n<p>Auteur: Medjadji Habib<br \/>\n<a href=\"https:\/\/www.reflexiondz.net\/LES-CITOYENS-INTERPELLENT-LE-WALI-D-ORAN-ET-RECLAMENT-UNE-ENQUETE-Des-espaces-verts-detournes-a-Bir-El-Djir_a56019.html\">Cliquez ici pour lire l&rsquo;article depuis sa source.<\/a><\/p>\n","protected":false},"excerpt":{"rendered":"<p>Les d\u00e9tournements des terrains devant abriter des aires de d\u00e9tente et de loisirs notamment des jardins et aires de jeux\u00a0 ont \u00e9t\u00e9 d\u00e9tourn\u00e9s de leur vocation initiale pour se transformer\u00a0 par une bande de mafia bien organis\u00e9e avec la complicit\u00e9 de l&rsquo;ex maire de la commune de Bir El Djir actuellement sous d\u00e9tention pr\u00e9ventive \u00e0 [&hellip;]<\/p>\n","protected":false},"author":1740,"featured_media":0,"comment_status":"closed","ping_status":"closed","sticky":false,"template":"","format":"standard","meta":{"fifu_image_url":"","fifu_image_alt":"","footnotes":""},"categories":[53,76],"tags":[],"class_list":["post-37256","post","type-post","status-publish","format-standard","hentry","category-algerie","category-regions"],"_links":{"self":[{"href":"https:\/\/linitiative.ca\/International\/wp-json\/wp\/v2\/posts\/37256","targetHints":{"allow":["GET"]}}],"collection":[{"href":"https:\/\/linitiative.ca\/International\/wp-json\/wp\/v2\/posts"}],"about":[{"href":"https:\/\/linitiative.ca\/International\/wp-json\/wp\/v2\/types\/post"}],"author":[{"embeddable":true,"href":"https:\/\/linitiative.ca\/International\/wp-json\/wp\/v2\/users\/1740"}],"replies":[{"embeddable":true,"href":"https:\/\/linitiative.ca\/International\/wp-json\/wp\/v2\/comments?post=37256"}],"version-history":[{"count":0,"href":"https:\/\/linitiative.ca\/International\/wp-json\/wp\/v2\/posts\/37256\/revisions"}],"wp:attachment":[{"href":"https:\/\/linitiative.ca\/International\/wp-json\/wp\/v2\/media?parent=37256"}],"wp:term":[{"taxonomy":"category","embeddable":true,"href":"https:\/\/linitiative.ca\/International\/wp-json\/wp\/v2\/categories?post=37256"},{"taxonomy":"post_tag","embeddable":true,"href":"https:\/\/linitiative.ca\/International\/wp-json\/wp\/v2\/tags?post=37256"}],"curies":[{"name":"wp","href":"https:\/\/api.w.org\/{rel}","templated":true}]}}