{"id":37257,"date":"2019-05-28T13:58:00","date_gmt":"2019-05-28T17:58:00","guid":{"rendered":"https:\/\/linitiative.ca\/International\/absence-declairage-public-a-ain-el-turck-lobscurite-gache-les-sorties-nocturnes\/"},"modified":"2019-05-28T13:58:00","modified_gmt":"2019-05-28T17:58:00","slug":"absence-declairage-public-a-ain-el-turck-lobscurite-gache-les-sorties-nocturnes","status":"publish","type":"post","link":"https:\/\/linitiative.ca\/International\/absence-declairage-public-a-ain-el-turck-lobscurite-gache-les-sorties-nocturnes\/","title":{"rendered":"ABSENCE D\u2019ECLAIRAGE PUBLIC A AIN EL TURCK : L\u2019obscurit\u00e9 g\u00e2che les sorties nocturnes"},"content":{"rendered":"<p><br id=\"sep_para_1\" class=\"sep_para access\"\/><\/p>\n<div id=\"para_1\" class=\"para_31331171 resize\">\n<div class=\"texte access firstletter\">Selon le constat, la grande majorit\u00e9 de ces habitants, vraisemblablement las d&rsquo;attendre une hypoth\u00e9tique r\u00e9habilitation des changements des lampes grill\u00e9es ainsi que les poteaux \u00e9lectriques d\u00e9grad\u00e9s, qui n&rsquo;ont pas encore \u00e9t\u00e9 remplac\u00e9s par d&rsquo;autres plus r\u00e9cents, se sont munis de lampes torches pour percer l&rsquo;obscurit\u00e9 ambiante pr\u00e9valant dans leur lieu de r\u00e9sidence lors de leurs sorties nocturnes\u00a0 en ce mois de car\u00eame, o\u00f9 la d\u00e9faillance de l&rsquo;\u00e9clairage public perdure \u00e9norm\u00e9ment, sans aucune prise en charge de r\u00e9habilitation du r\u00e9seau \u00e9lectrique, durant presque toute l&rsquo;ann\u00e9e \u00bb a ironis\u00e9\u00a0 un habitant de la partie basse de la localit\u00e9 de Bouisseville, abord\u00e9 \u00e0 ce propos par Le Quotidien le R\u00e9flexion , avant de rench\u00e9rir avec d\u00e9pit \u00ab la plupart de mes voisins sont munies d&rsquo;une lampe torche pour s&rsquo;orienter dans les t\u00e9n\u00e8bres et \u00e9viter ainsi de tomber dans les crevasses tapissant les chauss\u00e9es. C&rsquo;est aberrant, surtout en ce mois sacr\u00e9 o\u00f9 les sorties nocturnes sont rituelles \u00bb. Notons que l&rsquo;\u00e9clairage public est aussi d\u00e9faillant, voire inexistant, dans certaines zones essaim\u00e9es \u00e0 travers les six localit\u00e9s que compte ladite municipalit\u00e9. Le\u00a0 quartier Bensmir, commun\u00e9ment appel\u00e9 douar Naqousse et celui du Commandant Ferradj, appel\u00e9 douar Maroc, illustrent parfaitement ce piteux \u00e9tat de fait. Le m\u00eame d\u00e9plorable constat est aussi relev\u00e9 sur la rue Melinnette, qui traverse les six localit\u00e9s en question ainsi que l&rsquo;all\u00e9e des Villas, qui prend naissance \u00e0 Beau S\u00e9jour pour aboutir \u00e0 la rue de la R\u00e9publique, \u00e0 mi-chemin du boulevard Les Dunes, pr\u00e8s du village de Cap Falcon. \u00ab Les responsables concern\u00e9s ne se soucient pas des d\u00e9sagr\u00e9ments engendr\u00e9s sur notre cadre de vie. Ils ont certainement remarqu\u00e9 cette sombre situation de d\u00e9liquescence mais n&rsquo;ont pas encore daign\u00e9\u00a0 r\u00e9agir. Cela perdure dans le temps avec tout un lot vari\u00e9 de contraintes et de d\u00e9sagr\u00e9ments sans pour autant susciter la moindre r\u00e9action \u00e0 m\u00eame de mettre un terme \u00bb, ont fait remarquer d&rsquo;autres interlocuteurs. Dans le village de Cap Falcon, les habitants sont confront\u00e9s aux actes de piratage de l&rsquo;\u00e9nergie \u00e9lectrique \u00e0 partir des poteaux en accusant ces contrevenants d&rsquo;\u00eatre la cause de la d\u00e9faillance de l&rsquo;\u00e9clairage public. Cette transgression, qui s&rsquo;est largement r\u00e9pandue avec le temps et \u00e0 la faveur de l&rsquo;indiff\u00e9rence de tout un chacun, a plong\u00e9 dans l&rsquo;obscurit\u00e9 plusieurs rues de ce village touristique en ce d\u00e9but de\u00a0 saison estivale o\u00f9 des milliers de touristes sont attendus pour passer un agr\u00e9able s\u00e9jour.<\/div>\n<\/div>\n<p>Auteur: Medjadji Habib<br \/>\n<a href=\"https:\/\/www.reflexiondz.net\/ABSENCE-D-ECLAIRAGE-PUBLIC-A-AIN-EL-TURCK-L-obscurite-gache-les-sorties-nocturnes_a56022.html\">Cliquez ici pour lire l&rsquo;article depuis sa source.<\/a><\/p>\n","protected":false},"excerpt":{"rendered":"<p>Selon le constat, la grande majorit\u00e9 de ces habitants, vraisemblablement las d&rsquo;attendre une hypoth\u00e9tique r\u00e9habilitation des changements des lampes grill\u00e9es ainsi que les poteaux \u00e9lectriques d\u00e9grad\u00e9s, qui n&rsquo;ont pas encore \u00e9t\u00e9 remplac\u00e9s par d&rsquo;autres plus r\u00e9cents, se sont munis de lampes torches pour percer l&rsquo;obscurit\u00e9 ambiante pr\u00e9valant dans leur lieu de r\u00e9sidence lors de leurs [&hellip;]<\/p>\n","protected":false},"author":1740,"featured_media":0,"comment_status":"closed","ping_status":"closed","sticky":false,"template":"","format":"standard","meta":{"fifu_image_url":"","fifu_image_alt":"","footnotes":""},"categories":[53,76],"tags":[],"class_list":["post-37257","post","type-post","status-publish","format-standard","hentry","category-algerie","category-regions"],"_links":{"self":[{"href":"https:\/\/linitiative.ca\/International\/wp-json\/wp\/v2\/posts\/37257","targetHints":{"allow":["GET"]}}],"collection":[{"href":"https:\/\/linitiative.ca\/International\/wp-json\/wp\/v2\/posts"}],"about":[{"href":"https:\/\/linitiative.ca\/International\/wp-json\/wp\/v2\/types\/post"}],"author":[{"embeddable":true,"href":"https:\/\/linitiative.ca\/International\/wp-json\/wp\/v2\/users\/1740"}],"replies":[{"embeddable":true,"href":"https:\/\/linitiative.ca\/International\/wp-json\/wp\/v2\/comments?post=37257"}],"version-history":[{"count":0,"href":"https:\/\/linitiative.ca\/International\/wp-json\/wp\/v2\/posts\/37257\/revisions"}],"wp:attachment":[{"href":"https:\/\/linitiative.ca\/International\/wp-json\/wp\/v2\/media?parent=37257"}],"wp:term":[{"taxonomy":"category","embeddable":true,"href":"https:\/\/linitiative.ca\/International\/wp-json\/wp\/v2\/categories?post=37257"},{"taxonomy":"post_tag","embeddable":true,"href":"https:\/\/linitiative.ca\/International\/wp-json\/wp\/v2\/tags?post=37257"}],"curies":[{"name":"wp","href":"https:\/\/api.w.org\/{rel}","templated":true}]}}