{"id":37262,"date":"2019-05-28T17:05:12","date_gmt":"2019-05-28T21:05:12","guid":{"rendered":"https:\/\/linitiative.ca\/International\/khaled-khiari-nomme-sous-secretaire-general-de-lonu-pour-le-moyen-orient-lasie-et-le-pacifique\/"},"modified":"2019-05-28T17:05:12","modified_gmt":"2019-05-28T21:05:12","slug":"khaled-khiari-nomme-sous-secretaire-general-de-lonu-pour-le-moyen-orient-lasie-et-le-pacifique","status":"publish","type":"post","link":"https:\/\/linitiative.ca\/International\/khaled-khiari-nomme-sous-secretaire-general-de-lonu-pour-le-moyen-orient-lasie-et-le-pacifique\/","title":{"rendered":"Khaled Khiari nomm\u00e9 Sous-Secr\u00e9taire g\u00e9n\u00e9ral de l&rsquo;ONU pour le Moyen-Orient, l&rsquo;Asie et le Pacifique"},"content":{"rendered":"<p>A peine rentr\u00e9 de New York, fin d\u00e9cembre dernier apr\u00e8s une mission r\u00e9ussie d\u2019ambassadeur repr\u00e9sentant permanent de Tunisie aupr\u00e8s de l\u2019ONU, Khaled Khiari y retourne. Mais cette fois en qualit\u00e9 Sous-Secr\u00e9taire g\u00e9n\u00e9ral de l&rsquo;ONU pour le Moyen-Orient, l&rsquo;Asie et le Pacifique, au sein des d\u00e9partements des affaires politiques et de la consolidation de la paix et des op\u00e9rations de paix.C\u2019est qu\u2019a annonc\u00e9 le Secr\u00e9taire g\u00e9n\u00e9ral des Nations Unies, Ant\u00f3nio Guterres, cet apr\u00e8s-midi.<\/p>\n<p>Premier diplomate arabe \u00e0 occuper d\u00e9sormais ce rang \u00e9lev\u00e9 au Palais de Verre \u00e0 Manhattan, renouant ainsi avec une longue tradition depuis les illustres Mohamed Gherab et autres M\u2019hammed Essaafi, Khaled Khiari couvrira un large p\u00e9rim\u00e8tre g\u00e9ographique comptant notamment la Palestine, le Golan, le Liba, la Syrie, l\u2019Irak et le Y\u00e9men, jusqu\u2019\u00e0 l\u2019Iran, l\u2019Afghanistan, la Cor\u00e9e du Nord, et autres points chauds.<\/p>\n<p>Actuellement directeur g\u00e9n\u00e9ral des Am\u00e9riques, de l&rsquo;Asie et de l&rsquo;Oc\u00e9anie au minist\u00e8re des Affaires \u00e9trang\u00e8res tunisien, M. Khiari cumule plus de 35 ans d&rsquo;exp\u00e9rience en diplomatie et en affaires \u00e9trang\u00e8res, alternant entre son si\u00e8ge au minist\u00e8re des Affaires \u00e9trang\u00e8res et ses fonctions \u00e0 l&rsquo;\u00e9tranger. Il a notamment \u00e9t\u00e9 ambassadeur et repr\u00e9sentant permanent de la Tunisie aupr\u00e8s des Nations unies \u00e0 New York (2012-2018), directeur des droits de l&rsquo;homme au d\u00e9partement des organisations et conf\u00e9rences internationales du minist\u00e8re tunisien des Affaires \u00e9trang\u00e8res (2011-2012), charg\u00e9 de mission au minist\u00e8re de la Jeunesse et des Sports (2009-2010), directeur adjoint, Euromed, au sein de la direction europ\u00e9enne du minist\u00e8re des Affaires \u00e9trang\u00e8res (2007-2009), chef de mission adjoint (2003-2006) et secr\u00e9taire aux Affaires \u00e9trang\u00e8res du Mission permanente de la Tunisie aupr\u00e8s de l&rsquo;Office des Nations Unies \u00e0 Gen\u00e8ve (1987-1993) et au D\u00e9partement des minist\u00e8res du Maghreb (1984).<\/p>\n<p>M. Khiari a particip\u00e9 \u00e0 de nombreuses activit\u00e9s multilat\u00e9rales et r\u00e9gionales au cours de sa carri\u00e8re au minist\u00e8re des Affaires \u00e9trang\u00e8res, notamment en tant que copr\u00e9sident des n\u00e9gociations intergouvernementales sur la r\u00e9forme du Conseil de s\u00e9curit\u00e9, pr\u00e9sident du conseil d&rsquo;administration de UN-WOMEN, vice-pr\u00e9sident des Nations Unies. Nations Unies, coordinateur du Mouvement des pays non align\u00e9s de la Commission de consolidation de la paix \u00e0 New York, pr\u00e9sident du groupe d&rsquo;experts africains participant au Sommet mondial sur la soci\u00e9t\u00e9 de l&rsquo;information \u00e0 Gen\u00e8ve et coordinateur du groupe arabe des questions relatives au Parlement europ\u00e9en \u00e0 Bruxelles.<\/p>\n<p>Il est dipl\u00f4m\u00e9 de l\u2019Institut sup\u00e9rieur de gestion de Tunis, o\u00f9 il a obtenu une ma\u00eetrise en gestion avec une sp\u00e9cialisation en marketing.<\/p>\n<p>N\u00e9 en 1960, M. Khiari est mari\u00e9 et p\u00e8re de deux enfants.<\/p>\n<p>Auteur:<br \/>\n<a href=\"https:\/\/www.leaders.com.tn\/article\/27193-khaled-khiari-nomme-sous-secretaire-general-de-l-onu\">Cliquez ici pour lire l&rsquo;article depuis sa source.<\/a><\/p>\n","protected":false},"excerpt":{"rendered":"<p>A peine rentr\u00e9 de New York, fin d\u00e9cembre dernier apr\u00e8s une mission r\u00e9ussie d\u2019ambassadeur repr\u00e9sentant permanent de Tunisie aupr\u00e8s de l\u2019ONU, Khaled Khiari y retourne. Mais cette fois en qualit\u00e9 Sous-Secr\u00e9taire g\u00e9n\u00e9ral de l&rsquo;ONU pour le Moyen-Orient, l&rsquo;Asie et le Pacifique, au sein des d\u00e9partements des affaires politiques et de la consolidation de la paix [&hellip;]<\/p>\n","protected":false},"author":1772,"featured_media":0,"comment_status":"closed","ping_status":"closed","sticky":false,"template":"","format":"standard","meta":{"fifu_image_url":"","fifu_image_alt":"","footnotes":""},"categories":[73,55],"tags":[],"class_list":["post-37262","post","type-post","status-publish","format-standard","hentry","category-actualite","category-tunisie"],"_links":{"self":[{"href":"https:\/\/linitiative.ca\/International\/wp-json\/wp\/v2\/posts\/37262","targetHints":{"allow":["GET"]}}],"collection":[{"href":"https:\/\/linitiative.ca\/International\/wp-json\/wp\/v2\/posts"}],"about":[{"href":"https:\/\/linitiative.ca\/International\/wp-json\/wp\/v2\/types\/post"}],"author":[{"embeddable":true,"href":"https:\/\/linitiative.ca\/International\/wp-json\/wp\/v2\/users\/1772"}],"replies":[{"embeddable":true,"href":"https:\/\/linitiative.ca\/International\/wp-json\/wp\/v2\/comments?post=37262"}],"version-history":[{"count":0,"href":"https:\/\/linitiative.ca\/International\/wp-json\/wp\/v2\/posts\/37262\/revisions"}],"wp:attachment":[{"href":"https:\/\/linitiative.ca\/International\/wp-json\/wp\/v2\/media?parent=37262"}],"wp:term":[{"taxonomy":"category","embeddable":true,"href":"https:\/\/linitiative.ca\/International\/wp-json\/wp\/v2\/categories?post=37262"},{"taxonomy":"post_tag","embeddable":true,"href":"https:\/\/linitiative.ca\/International\/wp-json\/wp\/v2\/tags?post=37262"}],"curies":[{"name":"wp","href":"https:\/\/api.w.org\/{rel}","templated":true}]}}