{"id":37275,"date":"2019-05-28T14:03:21","date_gmt":"2019-05-28T18:03:21","guid":{"rendered":"https:\/\/linitiative.ca\/International\/un-court-metrage-tourne-avec-un-smartphone-tunisien-selectionne-dans-un-festival-international\/"},"modified":"2019-05-28T14:03:21","modified_gmt":"2019-05-28T18:03:21","slug":"un-court-metrage-tourne-avec-un-smartphone-tunisien-selectionne-dans-un-festival-international","status":"publish","type":"post","link":"https:\/\/linitiative.ca\/International\/un-court-metrage-tourne-avec-un-smartphone-tunisien-selectionne-dans-un-festival-international\/","title":{"rendered":"Un court m\u00e9trage tourn\u00e9 avec un smartphone tunisien s\u00e9lectionn\u00e9 dans un festival international"},"content":{"rendered":"<div class=\"post-cont-in left relative\">\n<div class=\"swp_social_panel swp_horizontal_panel swp_flat_fresh swp_default_full_color swp_individual_full_color swp_other_full_color scale-100 scale-\" data-min-width=\"1100\" data-float-color=\"#ffffff\" data-float=\"none\" data-float-mobile=\"none\" data-transition=\"slide\">\n<div class=\"nc_tweetContainer swp_share_button total_shares total_sharesalt\"><span class=\"swp_count\">28 <span class=\"swp_label\">Partages<\/span><\/span><\/div>\n<\/div>\n<p>La r\u00e9daction de Tunisienumerique a re\u00e7u avec un immense plaisir un courrier de la part d\u2019un lecteur pour l\u2019informer de la s\u00e9lection d\u2019un court m\u00e9trage tunisien \u00e0 la 16\u00e8me \u00e9dition du festival international FESTIMAJ en France. Ce film sera, par ailleurs projet\u00e9 dans 32 pays.<\/p>\n<p>Il s\u2019agit du court m\u00e9trage \u201d CONTRE CHANT \u201d d\u2019Oussama Zagrouba.<\/p>\n<div class=\"code-block code-block-1 c3\"><ins class=\"adsbygoogle c2\" data-ad-layout=\"in-article\" data-ad-format=\"fluid\" data-ad-client=\"ca-pub-2102118777505746\" data-ad-slot=\"7301775417\"\/> <\/div>\n<p>Un court m\u00e9trage exclusivement tourn\u00e9 \u00e0 l\u2019aide d\u2019un smartphone de marque Tunisienne. L\u2019\u00e9quipe du film ayant choisi ce moyen de tournage pour encourager la consommation du produit national.<\/p>\n<p>La r\u00e9daction de Tunisienumerique tient \u00e0 f\u00e9liciter toute cette jeune \u00e9quipe et \u00e0 lui souhaiter encore plus de r\u00e9ussite\u00a0!<\/p>\n<p><img loading=\"lazy\" decoding=\"async\" class=\"aligncenter size-full wp-image-437410\" src=\"https:\/\/www.tunisienumerique.com\/wp-content\/uploads\/2019\/05\/affiche-zagrouba.jpg\" alt=\"\" width=\"480\" height=\"609\"\/><\/p>\n<p><img loading=\"lazy\" decoding=\"async\" class=\"aligncenter size-full wp-image-437411\" src=\"https:\/\/www.tunisienumerique.com\/wp-content\/uploads\/2019\/05\/zagrouba.jpg\" alt=\"\" width=\"480\" height=\"773\"\/><\/p>\n<p><img loading=\"lazy\" decoding=\"async\" class=\"aligncenter size-full wp-image-437412\" src=\"https:\/\/www.tunisienumerique.com\/wp-content\/uploads\/2019\/05\/festival.jpg\" alt=\"\" width=\"480\" height=\"672\"\/><\/p>\n<div class=\"mvp-org-wrap mvp-org-logo\" itemprop=\"publisher\" itemscope=\"\" itemtype=\"https:\/\/schema.org\/Organization\"><img decoding=\"async\" src=\"https:\/\/www.tunisienumerique.com\/wp-content\/uploads\/2017\/02\/logo_tunisie_numerique.png\"\/><\/div>\n<div class=\"swp_social_panel swp_horizontal_panel swp_flat_fresh swp_default_full_color swp_individual_full_color swp_other_full_color scale-100 scale-\" data-min-width=\"1100\" data-float-color=\"#ffffff\" data-float=\"none\" data-float-mobile=\"none\" data-transition=\"slide\">\n<div class=\"nc_tweetContainer swp_share_button total_shares total_sharesalt\"><span class=\"swp_count\">28 <span class=\"swp_label\">Partages<\/span><\/span><\/div>\n<\/div>\n<div class=\"mvp-related-posts left relative\">\n<h4 class=\"post-header\"><span class=\"post-header\">Lire aussi<\/span><\/h4>\n<\/div>\n<\/div>\n<p>Auteur: LM<br \/>\n<a href=\"https:\/\/www.tunisienumerique.com\/un-court-metrage-tourne-avec-un-smartphone-tunisien-selectionne-dans-un-festival-international\/\">Cliquez ici pour lire l&rsquo;article depuis sa source.<\/a><\/p>\n","protected":false},"excerpt":{"rendered":"<p>28 Partages La r\u00e9daction de Tunisienumerique a re\u00e7u avec un immense plaisir un courrier de la part d\u2019un lecteur pour l\u2019informer de la s\u00e9lection d\u2019un court m\u00e9trage tunisien \u00e0 la 16\u00e8me \u00e9dition du festival international FESTIMAJ en France. Ce film sera, par ailleurs projet\u00e9 dans 32 pays. Il s\u2019agit du court m\u00e9trage \u201d CONTRE CHANT [&hellip;]<\/p>\n","protected":false},"author":1789,"featured_media":37276,"comment_status":"closed","ping_status":"closed","sticky":false,"template":"","format":"standard","meta":{"fifu_image_url":"","fifu_image_alt":"","footnotes":""},"categories":[73,55],"tags":[],"class_list":["post-37275","post","type-post","status-publish","format-standard","has-post-thumbnail","hentry","category-actualite","category-tunisie"],"_links":{"self":[{"href":"https:\/\/linitiative.ca\/International\/wp-json\/wp\/v2\/posts\/37275","targetHints":{"allow":["GET"]}}],"collection":[{"href":"https:\/\/linitiative.ca\/International\/wp-json\/wp\/v2\/posts"}],"about":[{"href":"https:\/\/linitiative.ca\/International\/wp-json\/wp\/v2\/types\/post"}],"author":[{"embeddable":true,"href":"https:\/\/linitiative.ca\/International\/wp-json\/wp\/v2\/users\/1789"}],"replies":[{"embeddable":true,"href":"https:\/\/linitiative.ca\/International\/wp-json\/wp\/v2\/comments?post=37275"}],"version-history":[{"count":0,"href":"https:\/\/linitiative.ca\/International\/wp-json\/wp\/v2\/posts\/37275\/revisions"}],"wp:featuredmedia":[{"embeddable":true,"href":"https:\/\/linitiative.ca\/International\/wp-json\/"}],"wp:attachment":[{"href":"https:\/\/linitiative.ca\/International\/wp-json\/wp\/v2\/media?parent=37275"}],"wp:term":[{"taxonomy":"category","embeddable":true,"href":"https:\/\/linitiative.ca\/International\/wp-json\/wp\/v2\/categories?post=37275"},{"taxonomy":"post_tag","embeddable":true,"href":"https:\/\/linitiative.ca\/International\/wp-json\/wp\/v2\/tags?post=37275"}],"curies":[{"name":"wp","href":"https:\/\/api.w.org\/{rel}","templated":true}]}}