{"id":37277,"date":"2019-05-28T14:11:16","date_gmt":"2019-05-28T18:11:16","guid":{"rendered":"https:\/\/linitiative.ca\/International\/tunisie-le-ministere-de-lequipement-a-t-il-reagi-a-la-video-dune-de-ses-voitures-de-fonction-effectuant-des-drifts-a-el-mourouj\/"},"modified":"2019-05-28T14:11:16","modified_gmt":"2019-05-28T18:11:16","slug":"tunisie-le-ministere-de-lequipement-a-t-il-reagi-a-la-video-dune-de-ses-voitures-de-fonction-effectuant-des-drifts-a-el-mourouj","status":"publish","type":"post","link":"https:\/\/linitiative.ca\/International\/tunisie-le-ministere-de-lequipement-a-t-il-reagi-a-la-video-dune-de-ses-voitures-de-fonction-effectuant-des-drifts-a-el-mourouj\/","title":{"rendered":"Tunisie \u2013 Le minist\u00e8re de l\u2019Equipement a-t-il r\u00e9agi \u00e0 la vid\u00e9o d\u2019une de ses voitures de fonction effectuant des drifts \u00e0 El Mourouj\u00a0?"},"content":{"rendered":"<div class=\"post-cont-in left relative\">\n<div class=\"swp_social_panel swp_horizontal_panel swp_flat_fresh swp_default_full_color swp_individual_full_color swp_other_full_color scale-100 scale-\" data-min-width=\"1100\" data-float-color=\"#ffffff\" data-float=\"none\" data-float-mobile=\"none\" data-transition=\"slide\">\n<div class=\"nc_tweetContainer swp_share_button total_shares total_sharesalt\"><span class=\"swp_count\">73 <span class=\"swp_label\">Partages<\/span><\/span><\/div>\n<\/div>\n<p>La r\u00e9daction de Tunisienum\u00e9rique a contact\u00e9 les services comp\u00e9tents du minist\u00e8re de l\u2019Equipement pour les interroger sur les suites donn\u00e9es \u00e0 la publication sur notre site et ailleurs, des p\u00e9rip\u00e9ties et du rod\u00e9o effectu\u00e9s par une voiture de fonction relevant de son parc automobile, \u00e0 la cit\u00e9 El Mourouj, il y a quelques jours.<\/p>\n<p>La r\u00e9ponse des responsables du minist\u00e8re n\u2019\u00e9tant\u00a0ni nette\u00a0ni convaincante, nous la livrons \u00e0 l\u2019\u00e9valuation de nos lecteurs.<\/p>\n<div class=\"code-block code-block-1 c3\"><ins class=\"adsbygoogle c2\" data-ad-layout=\"in-article\" data-ad-format=\"fluid\" data-ad-client=\"ca-pub-2102118777505746\" data-ad-slot=\"7301775417\"\/> <\/div>\n<p>Notre interlocuteur au sein du minist\u00e8re a assur\u00e9, en effet, que \u00ab\u00a0les services de contr\u00f4le du minist\u00e8re sont au courant de cette s\u00e9quence vid\u00e9o et qu\u2019ils ont pris les dispositions, afin de d\u00e9terminer la Direction \u00e0 laquelle \u00e9tait affect\u00e9 le v\u00e9hicule en question, puis d\u2019identifier son chauffeur, en vue de prendre\u00a0contre lui les mesures qui s\u2019imposent, pour avoir mis en danger les autres usagers de la route\u00a0\u00bb\u00a0!<\/p>\n<p>Voil\u00e0\u2026 C\u2019est tout\u2026 point de mauvais usage des deniers publics ni de gaspillage de carburant, ni d\u2019utilisation abusive, probablement, par d\u2019autres personnes des v\u00e9hicules de l\u2019Etat\u2026 Ils s\u2019inqui\u00e9taient juste pour la sant\u00e9 des usagers de la route\u00a0!<\/p>\n<div class=\"mvp-org-wrap mvp-org-logo\" itemprop=\"publisher\" itemscope=\"\" itemtype=\"https:\/\/schema.org\/Organization\"><img decoding=\"async\" src=\"https:\/\/www.tunisienumerique.com\/wp-content\/uploads\/2017\/02\/logo_tunisie_numerique.png\"\/><\/div>\n<div class=\"swp_social_panel swp_horizontal_panel swp_flat_fresh swp_default_full_color swp_individual_full_color swp_other_full_color scale-100 scale-\" data-min-width=\"1100\" data-float-color=\"#ffffff\" data-float=\"none\" data-float-mobile=\"none\" data-transition=\"slide\">\n<div class=\"nc_tweetContainer swp_share_button total_shares total_sharesalt\"><span class=\"swp_count\">73 <span class=\"swp_label\">Partages<\/span><\/span><\/div>\n<\/div>\n<div class=\"mvp-related-posts left relative\">\n<h4 class=\"post-header\"><span class=\"post-header\">Lire aussi<\/span><\/h4>\n<\/div>\n<\/div>\n<p>Auteur: LM<br \/>\n<a href=\"https:\/\/www.tunisienumerique.com\/tunisie-le-ministere-de-lequipement-a-t-il-reagi-a-la-video-dune-de-ses-voitures-de-fonction-effectuant-des-drifts-a-el-mourouj\/\">Cliquez ici pour lire l&rsquo;article depuis sa source.<\/a><\/p>\n","protected":false},"excerpt":{"rendered":"<p>73 Partages La r\u00e9daction de Tunisienum\u00e9rique a contact\u00e9 les services comp\u00e9tents du minist\u00e8re de l\u2019Equipement pour les interroger sur les suites donn\u00e9es \u00e0 la publication sur notre site et ailleurs, des p\u00e9rip\u00e9ties et du rod\u00e9o effectu\u00e9s par une voiture de fonction relevant de son parc automobile, \u00e0 la cit\u00e9 El Mourouj, il y a quelques [&hellip;]<\/p>\n","protected":false},"author":1789,"featured_media":37278,"comment_status":"closed","ping_status":"closed","sticky":false,"template":"","format":"standard","meta":{"fifu_image_url":"","fifu_image_alt":"","footnotes":""},"categories":[73,55],"tags":[],"class_list":["post-37277","post","type-post","status-publish","format-standard","has-post-thumbnail","hentry","category-actualite","category-tunisie"],"_links":{"self":[{"href":"https:\/\/linitiative.ca\/International\/wp-json\/wp\/v2\/posts\/37277","targetHints":{"allow":["GET"]}}],"collection":[{"href":"https:\/\/linitiative.ca\/International\/wp-json\/wp\/v2\/posts"}],"about":[{"href":"https:\/\/linitiative.ca\/International\/wp-json\/wp\/v2\/types\/post"}],"author":[{"embeddable":true,"href":"https:\/\/linitiative.ca\/International\/wp-json\/wp\/v2\/users\/1789"}],"replies":[{"embeddable":true,"href":"https:\/\/linitiative.ca\/International\/wp-json\/wp\/v2\/comments?post=37277"}],"version-history":[{"count":0,"href":"https:\/\/linitiative.ca\/International\/wp-json\/wp\/v2\/posts\/37277\/revisions"}],"wp:featuredmedia":[{"embeddable":true,"href":"https:\/\/linitiative.ca\/International\/wp-json\/"}],"wp:attachment":[{"href":"https:\/\/linitiative.ca\/International\/wp-json\/wp\/v2\/media?parent=37277"}],"wp:term":[{"taxonomy":"category","embeddable":true,"href":"https:\/\/linitiative.ca\/International\/wp-json\/wp\/v2\/categories?post=37277"},{"taxonomy":"post_tag","embeddable":true,"href":"https:\/\/linitiative.ca\/International\/wp-json\/wp\/v2\/tags?post=37277"}],"curies":[{"name":"wp","href":"https:\/\/api.w.org\/{rel}","templated":true}]}}