{"id":37279,"date":"2019-05-28T14:32:20","date_gmt":"2019-05-28T18:32:20","guid":{"rendered":"https:\/\/linitiative.ca\/International\/tunisie-urgent-appel-a-temoins-pour-la-recherche-de-quatre-terroristes\/"},"modified":"2019-05-28T14:32:20","modified_gmt":"2019-05-28T18:32:20","slug":"tunisie-urgent-appel-a-temoins-pour-la-recherche-de-quatre-terroristes","status":"publish","type":"post","link":"https:\/\/linitiative.ca\/International\/tunisie-urgent-appel-a-temoins-pour-la-recherche-de-quatre-terroristes\/","title":{"rendered":"Tunisie \u2013 URGENT\u00a0: Appel \u00e0 t\u00e9moins pour la recherche de quatre terroristes"},"content":{"rendered":"<div class=\"post-cont-in left relative\">\n<div class=\"swp_social_panel swp_horizontal_panel swp_flat_fresh swp_default_full_color swp_individual_full_color swp_other_full_color scale-100 scale-\" data-min-width=\"1100\" data-float-color=\"#ffffff\" data-float=\"none\" data-float-mobile=\"none\" data-transition=\"slide\">\n<div class=\"nc_tweetContainer swp_share_button total_shares total_sharesalt\"><span class=\"swp_count\">62 <span class=\"swp_label\">Partages<\/span><\/span><\/div>\n<\/div>\n<p>Le minist\u00e8re de l\u2019Int\u00e9rieur vient de diffuser un appel \u00e0 t\u00e9moins, demandant aux citoyens des renseignements concernant quatre \u00e9l\u00e9ments terroristes class\u00e9s tr\u00e8s dangereux.<\/p>\n<p>Il s\u2019agit, en l\u2019occurrence de\u00a0:<\/p>\n<div class=\"code-block code-block-1 c3\"><ins class=\"adsbygoogle c2\" data-ad-layout=\"in-article\" data-ad-format=\"fluid\" data-ad-client=\"ca-pub-2102118777505746\" data-ad-slot=\"7301775417\"\/> <\/div>\n<ul>\n<li><strong>Oussama Ben Hassine Ben Mabrouk Khazri<\/strong>, n\u00e9 en 1992, habitant habituellement \u00e0 la Cit\u00e9 Baghdadi Ben Hassine, Jendouba;<\/li>\n<li><strong>Achraf Ben Fathi Ben Mabrouk Guizani<\/strong>, n\u00e9 en 1991 habitant habituellement \u00e0 Gouazen, Dahmani, Le Kef;<\/li>\n<li><strong>Mohamed Amine Mahkouka<\/strong>, alg\u00e9rien Alias, Abou Aymen Al Ouahrani;<\/li>\n<li><strong>Khalil Ben Ammar Ben Othmen Mansouri<\/strong>, Alias Abou Moslem Al Gasrini, n\u00e9 en 1991 habitant \u00e0 Hassi Frid, Kasserine.<\/li>\n<\/ul>\n<p>En cas de renseignements les concernant ou concernant leur emplacement, le minist\u00e8re de l\u2019Int\u00e9rieur met \u00e0 la disposition des citoyens les num\u00e9ros de t\u00e9l\u00e9phone suivants\u00a0:<\/p>\n<p>N\u00b0 Vert du minist\u00e8re\u00a0: 80 10 11 11<\/p>\n<p>71\u00a0335\u00a0000<\/p>\n<p>Garde nationale\u00a0: 193<\/p>\n<p>Police nationale\u00a0: 197<\/p>\n<p>Ou contacter la patrouille s\u00e9curitaire ou militaire la plus proche.<\/p>\n<p><img loading=\"lazy\" decoding=\"async\" class=\"aligncenter size-full wp-image-437431\" src=\"https:\/\/www.tunisienumerique.com\/wp-content\/uploads\/2019\/05\/terr1.jpg\" alt=\"\" width=\"640\" height=\"482\" srcset=\"https:\/\/www.tunisienumerique.com\/wp-content\/uploads\/2019\/05\/terr1.jpg 640w, https:\/\/www.tunisienumerique.com\/wp-content\/uploads\/2019\/05\/terr1-600x452.jpg 600w\" sizes=\"auto, (max-width: 640px) 100vw, 640px\"\/><\/p>\n<p><img loading=\"lazy\" decoding=\"async\" class=\"aligncenter size-full wp-image-437432\" src=\"https:\/\/www.tunisienumerique.com\/wp-content\/uploads\/2019\/05\/terr2.jpg\" alt=\"\" width=\"637\" height=\"487\" srcset=\"https:\/\/www.tunisienumerique.com\/wp-content\/uploads\/2019\/05\/terr2.jpg 637w, https:\/\/www.tunisienumerique.com\/wp-content\/uploads\/2019\/05\/terr2-600x459.jpg 600w\" sizes=\"auto, (max-width: 637px) 100vw, 637px\"\/><\/p>\n<div class=\"code-block code-block-2 c3\"><ins class=\"adsbygoogle c2\" data-ad-layout=\"in-article\" data-ad-format=\"fluid\" data-ad-client=\"ca-pub-2102118777505746\" data-ad-slot=\"7301775417\"\/> <\/div>\n<p><img loading=\"lazy\" decoding=\"async\" class=\"aligncenter size-full wp-image-437433\" src=\"https:\/\/www.tunisienumerique.com\/wp-content\/uploads\/2019\/05\/terr3.jpg\" alt=\"\" width=\"647\" height=\"498\" srcset=\"https:\/\/www.tunisienumerique.com\/wp-content\/uploads\/2019\/05\/terr3.jpg 647w, https:\/\/www.tunisienumerique.com\/wp-content\/uploads\/2019\/05\/terr3-600x462.jpg 600w\" sizes=\"auto, (max-width: 647px) 100vw, 647px\"\/><\/p>\n<p><img loading=\"lazy\" decoding=\"async\" class=\"aligncenter size-full wp-image-437434\" src=\"https:\/\/www.tunisienumerique.com\/wp-content\/uploads\/2019\/05\/terr4.jpg\" alt=\"\" width=\"644\" height=\"487\" srcset=\"https:\/\/www.tunisienumerique.com\/wp-content\/uploads\/2019\/05\/terr4.jpg 644w, https:\/\/www.tunisienumerique.com\/wp-content\/uploads\/2019\/05\/terr4-600x454.jpg 600w\" sizes=\"auto, (max-width: 644px) 100vw, 644px\"\/><\/p>\n<div class=\"mvp-org-wrap mvp-org-logo\" itemprop=\"publisher\" itemscope=\"\" itemtype=\"https:\/\/schema.org\/Organization\"><img decoding=\"async\" src=\"https:\/\/www.tunisienumerique.com\/wp-content\/uploads\/2017\/02\/logo_tunisie_numerique.png\"\/><\/div>\n<div class=\"swp_social_panel swp_horizontal_panel swp_flat_fresh swp_default_full_color swp_individual_full_color swp_other_full_color scale-100 scale-\" data-min-width=\"1100\" data-float-color=\"#ffffff\" data-float=\"none\" data-float-mobile=\"none\" data-transition=\"slide\">\n<div class=\"nc_tweetContainer swp_share_button total_shares total_sharesalt\"><span class=\"swp_count\">62 <span class=\"swp_label\">Partages<\/span><\/span><\/div>\n<\/div>\n<div class=\"mvp-related-posts left relative\">\n<h4 class=\"post-header\"><span class=\"post-header\">Lire aussi<\/span><\/h4>\n<\/div>\n<\/div>\n<p>Auteur: LM<br \/>\n<a href=\"https:\/\/www.tunisienumerique.com\/tunisie-urgent-appel-a-temoins-pour-la-recherche-de-quatre-terroristes\/\">Cliquez ici pour lire l&rsquo;article depuis sa source.<\/a><\/p>\n","protected":false},"excerpt":{"rendered":"<p>62 Partages Le minist\u00e8re de l\u2019Int\u00e9rieur vient de diffuser un appel \u00e0 t\u00e9moins, demandant aux citoyens des renseignements concernant quatre \u00e9l\u00e9ments terroristes class\u00e9s tr\u00e8s dangereux. Il s\u2019agit, en l\u2019occurrence de\u00a0: Oussama Ben Hassine Ben Mabrouk Khazri, n\u00e9 en 1992, habitant habituellement \u00e0 la Cit\u00e9 Baghdadi Ben Hassine, Jendouba; Achraf Ben Fathi Ben Mabrouk Guizani, n\u00e9 [&hellip;]<\/p>\n","protected":false},"author":1789,"featured_media":37280,"comment_status":"closed","ping_status":"closed","sticky":false,"template":"","format":"standard","meta":{"fifu_image_url":"","fifu_image_alt":"","footnotes":""},"categories":[73,55],"tags":[],"class_list":["post-37279","post","type-post","status-publish","format-standard","has-post-thumbnail","hentry","category-actualite","category-tunisie"],"_links":{"self":[{"href":"https:\/\/linitiative.ca\/International\/wp-json\/wp\/v2\/posts\/37279","targetHints":{"allow":["GET"]}}],"collection":[{"href":"https:\/\/linitiative.ca\/International\/wp-json\/wp\/v2\/posts"}],"about":[{"href":"https:\/\/linitiative.ca\/International\/wp-json\/wp\/v2\/types\/post"}],"author":[{"embeddable":true,"href":"https:\/\/linitiative.ca\/International\/wp-json\/wp\/v2\/users\/1789"}],"replies":[{"embeddable":true,"href":"https:\/\/linitiative.ca\/International\/wp-json\/wp\/v2\/comments?post=37279"}],"version-history":[{"count":0,"href":"https:\/\/linitiative.ca\/International\/wp-json\/wp\/v2\/posts\/37279\/revisions"}],"wp:featuredmedia":[{"embeddable":true,"href":"https:\/\/linitiative.ca\/International\/wp-json\/"}],"wp:attachment":[{"href":"https:\/\/linitiative.ca\/International\/wp-json\/wp\/v2\/media?parent=37279"}],"wp:term":[{"taxonomy":"category","embeddable":true,"href":"https:\/\/linitiative.ca\/International\/wp-json\/wp\/v2\/categories?post=37279"},{"taxonomy":"post_tag","embeddable":true,"href":"https:\/\/linitiative.ca\/International\/wp-json\/wp\/v2\/tags?post=37279"}],"curies":[{"name":"wp","href":"https:\/\/api.w.org\/{rel}","templated":true}]}}