{"id":37288,"date":"2019-05-28T16:33:49","date_gmt":"2019-05-28T20:33:49","guid":{"rendered":"https:\/\/linitiative.ca\/International\/44-ans-de-la-cedeao-des-acquis-mais-aussi-des-defis-a-relever\/"},"modified":"2019-05-28T16:33:49","modified_gmt":"2019-05-28T20:33:49","slug":"44-ans-de-la-cedeao-des-acquis-mais-aussi-des-defis-a-relever","status":"publish","type":"post","link":"https:\/\/linitiative.ca\/International\/44-ans-de-la-cedeao-des-acquis-mais-aussi-des-defis-a-relever\/","title":{"rendered":"44 ans de la CEDEAO : des acquis mais aussi des d\u00e9fis \u00e0 relever"},"content":{"rendered":"<div class=\"td-post-featured-image\"><a href=\"https:\/\/i0.wp.com\/www.sidwaya.info\/wp-content\/uploads\/2019\/05\/1-71.jpg?fit=738%2C493&#038;ssl=1\" data-caption=\"\"><img loading=\"lazy\" decoding=\"async\" width=\"696\" height=\"465\" class=\"entry-thumb td-modal-image\" src=\"https:\/\/i0.wp.com\/www.sidwaya.info\/wp-content\/uploads\/2019\/05\/1-71.jpg?resize=696%2C465&#038;ssl=1\" srcset=\"https:\/\/i0.wp.com\/www.sidwaya.info\/wp-content\/uploads\/2019\/05\/1-71.jpg?w=738&#038;ssl=1 738w, https:\/\/i0.wp.com\/www.sidwaya.info\/wp-content\/uploads\/2019\/05\/1-71.jpg?resize=300%2C200&#038;ssl=1 300w, https:\/\/i0.wp.com\/www.sidwaya.info\/wp-content\/uploads\/2019\/05\/1-71.jpg?resize=696%2C465&#038;ssl=1 696w, https:\/\/i0.wp.com\/www.sidwaya.info\/wp-content\/uploads\/2019\/05\/1-71.jpg?resize=629%2C420&#038;ssl=1 629w\" sizes=\"auto, (max-width: 696px) 100vw, 696px\" alt=\"\" title=\"1\"\/><\/a><\/div>\n<div class=\"td-a-rec td-a-rec-id-content_top td_uid_30_5cedabb51a950_rand td_block_template_1\"><img loading=\"lazy\" decoding=\"async\" class=\"aligncenter size-full wp-image-4463\" src=\"https:\/\/www.sidwaya.info\/wp-content\/uploads\/2019\/02\/FESPACO-TOUR-2019-Bannie%CC%80re-728x90-1.jpg\" alt=\"\" width=\"728\" height=\"90\"\/><\/div>\n<p><strong>Dans le cadre des activit\u00e9s comm\u00e9moratives du 44e anniversaire de la Communaut\u00e9 \u00e9conomique des Etats de l\u2019Afrique de l\u2019Ouest (CEDEAO), le minist\u00e8re de l\u2019Int\u00e9gration et des Burkinab\u00e8 de l\u2019ext\u00e9rieur et le Centre de d\u00e9veloppement de la jeunesse et des sports de ladite organisation ont organis\u00e9 un panel sur le bilan des politiques communautaires, le 28 mai 2019, \u00e0 Ouagadougou.<\/strong><\/p>\n<p>Quarante-quatre ans apr\u00e8s sa cr\u00e9ation, la Communaut\u00e9 \u00e9conomique des Etats de l\u2019Afrique de l\u2019Ouest (CEDEAO) veut, d\u2019une part, faire le point des progr\u00e8s r\u00e9alis\u00e9s en mati\u00e8re d\u2019int\u00e9gration sous-r\u00e9gionale ; et, d\u2019autre part, identifier les d\u00e9fis \u00e0 relever pour une CEDEAO des peuples. A cet effet, le minist\u00e8re de l\u2019Int\u00e9gration et des Burkinab\u00e8 de l\u2019ext\u00e9rieur, le Centre de d\u00e9veloppement de la jeunesse et des sports (CDJS) de la CEDEAO ont organis\u00e9, dans le cadre du 44e anniversaire de l\u2019institution, un panel sur le bilan des politiques communautaires, le 28 mai 2019, \u00e0 Ouagadougou. Deux communications sur la \u00ablibre circulation des personnes et des biens dans l\u2019espace CEDEAO : \u00e9tat des lieux, enjeux et perspectives, 40 ans apr\u00e8s l\u2019adoption du protocole\u00bb et \u00abla place de la jeunesse dans les projets et programmes de d\u00e9veloppement de la CEDEAO \u00bb \u00e9taient au centre des \u00e9changes. Selon le repr\u00e9sentant permanent de l\u2019organisation sous r\u00e9gionale au Burkina Faso, Mohamed Diakit\u00e9, la CEDEAO, apr\u00e8s quatre d\u00e9cennies d\u2019existence, a accompli d\u2019importants progr\u00e8s.<\/p>\n<p>Il s\u2019agit, entre autres, de la libre circulation des biens et des personnes, la suppression effective des visas dans l\u2019espace communautaire, la mise en place du passeport CEDEAO \u00e0 l\u2019exception du Cap-Vert, la cr\u00e9ation des postes juxtapos\u00e9s de contr\u00f4le, a-t-il pr\u00e9cis\u00e9. En d\u00e9pit de ces avanc\u00e9es, l\u2019int\u00e9gration souffre encore des tracasseries, du nombre \u00e9lev\u00e9 des barrages sur les routes, la non-reconnaissance de certains documents communautaires, les perceptions irr\u00e9guli\u00e8res des tarifs prescrits, etc., a soulign\u00e9 le communicateur. A ces obstacles, s\u2019ajoute le ph\u00e9nom\u00e8ne du terrorisme que conna\u00cet la r\u00e9gion.<\/p>\n<p>\u00abOn note \u00e9galement que la situation s\u00e9curitaire actuelle constitue un obstacle \u00e0 la libre circulation des personnes et des biens \u00bb, a fait savoir le ministre en charge de l\u2019Int\u00e9gration, Paul Robert Tiendrebeogo. Mais pour le ministre, l\u2019espoir d\u2019une CEDEAO des peuples est permis au regard de la forte volont\u00e9 politique et de l\u2019engagement des diff\u00e9rents acteurs. Pour atteindre cet objectif, la CEDEAO, a expliqu\u00e9 M. Diakit\u00e9, doit venir \u00e0 bout de l\u2019hydre terroriste, lever tous les obstacles \u00e0 la libre circulation et parvenir \u00e0 une meilleure coordination avec les autres organisations sous r\u00e9gionales.<\/p>\n<p><strong>Des projets pour les jeunes<\/strong><\/p>\n<p>L\u2019appropriation des politiques et du droit communautaire, \u00e0 travers des actions d\u2019information et de sensibilisation, s\u2019av\u00e8re \u00e9galement n\u00e9cessaire, a-t-il recommand\u00e9. L\u2019av\u00e8nement de la monnaie unique (pr\u00e9vue th\u00e9oriquement pour entrer en circulation en 2020), de la carte biom\u00e9trique CEDEAO, l\u2019engagement individuel et collectif constituent des signaux forts pour une int\u00e9gration \u00e9conomique plus utile aux populations. Abordant la seconde communication du panel, le directeur du CDJS\/CEDEAO, Njoaguani Francis Chuks, a fait savoir que son institution met en \u0153uvre des projets et programmes sportifs et d\u2019emploi en faveur des jeunes ouest-africains.<\/p>\n<p>A titre illustratif, entre 2007 et 2017, le CDJS a renforc\u00e9 les capacit\u00e9s de 1305 jeunes en froid-climatisation, m\u00e9canique-automobile, \u00e9lectricit\u00e9-b\u00e2timents, agro-sylvo-pastorale dans les centres de formation professionnelle de Songha\u00ef de Porto-Novo (Benin), de Ziniar\u00e9 (Burkina Faso) et Soufouroulaye (Mali). Le centre dispose \u00e9galement d\u2019une plateforme en ligne, Crowdfunding, permettant aux jeunes de 18 \u00e0 35 ans de l\u2019espace CEDEAO de b\u00e9n\u00e9ficier d\u2019un financement participatif (dons directs ou participation au capital) de leurs projets de cr\u00e9ation d\u2019entreprises, a indiqu\u00e9 M. Njoaguani. Autres initiatives en faveur de la jeunesse ouest-africaine, le pan\u00e9liste a cit\u00e9 le programme volontaire et le programme d\u2019entreprenariat et de mentorat jeunes (EYEP) \u00e0 travers un concours de plans d\u2019affaires. Les laur\u00e9ats pouvant b\u00e9n\u00e9ficier des subventions de 5 \u00e0 10 mille dollars et des pr\u00eats de 10 \u00e0 25 mille dollars.<\/p>\n<p>Mais pour plus d\u2019impact des projets communautaires, le communicateur a invit\u00e9 les jeunes \u00e0 savoir d\u00e9fendre leurs int\u00e9r\u00eats, \u00e0 s\u2019orienter davantage vers l\u2019auto-emploi. Quant \u00e0 la CEDEAO, elle doit r\u00e9viser ses politiques en mati\u00e8re de jeunesse et des sports, a-t-il recommand\u00e9.<\/p>\n<p class=\"c1\"><strong>Mahamadi SEBOGO<\/strong><\/p>\n<div class=\"td-a-rec td-a-rec-id-content_bottom td_uid_31_5cedabb51ab07_rand td_block_template_1\"><img loading=\"lazy\" decoding=\"async\" class=\"alignright size-full wp-image-1724\" src=\"https:\/\/www.sidwaya.info\/wp-content\/uploads\/2018\/12\/sidwaya-pub.jpg\" alt=\"\" width=\"720\" height=\"90\"\/><\/div>\n<p>Auteur: DD. Sidwaya<br \/>\n<a href=\"https:\/\/www.sidwaya.info\/blog\/2019\/05\/28\/44-ans-de-la-cedeao-des-acquis-mais-aussi-des-defis-a-relever\/\">Cliquez ici pour lire l&rsquo;article depuis sa source.<\/a><\/p>\n","protected":false},"excerpt":{"rendered":"<p>Dans le cadre des activit\u00e9s comm\u00e9moratives du 44e anniversaire de la Communaut\u00e9 \u00e9conomique des Etats de l\u2019Afrique de l\u2019Ouest (CEDEAO), le minist\u00e8re de l\u2019Int\u00e9gration et des Burkinab\u00e8 de l\u2019ext\u00e9rieur et le Centre de d\u00e9veloppement de la jeunesse et des sports de ladite organisation ont organis\u00e9 un panel sur le bilan des politiques communautaires, le 28 [&hellip;]<\/p>\n","protected":false},"author":1816,"featured_media":0,"comment_status":"closed","ping_status":"closed","sticky":false,"template":"","format":"standard","meta":{"fifu_image_url":"","fifu_image_alt":"","footnotes":""},"categories":[73,81],"tags":[],"class_list":["post-37288","post","type-post","status-publish","format-standard","hentry","category-actualite","category-burkina-faso"],"_links":{"self":[{"href":"https:\/\/linitiative.ca\/International\/wp-json\/wp\/v2\/posts\/37288","targetHints":{"allow":["GET"]}}],"collection":[{"href":"https:\/\/linitiative.ca\/International\/wp-json\/wp\/v2\/posts"}],"about":[{"href":"https:\/\/linitiative.ca\/International\/wp-json\/wp\/v2\/types\/post"}],"author":[{"embeddable":true,"href":"https:\/\/linitiative.ca\/International\/wp-json\/wp\/v2\/users\/1816"}],"replies":[{"embeddable":true,"href":"https:\/\/linitiative.ca\/International\/wp-json\/wp\/v2\/comments?post=37288"}],"version-history":[{"count":0,"href":"https:\/\/linitiative.ca\/International\/wp-json\/wp\/v2\/posts\/37288\/revisions"}],"wp:attachment":[{"href":"https:\/\/linitiative.ca\/International\/wp-json\/wp\/v2\/media?parent=37288"}],"wp:term":[{"taxonomy":"category","embeddable":true,"href":"https:\/\/linitiative.ca\/International\/wp-json\/wp\/v2\/categories?post=37288"},{"taxonomy":"post_tag","embeddable":true,"href":"https:\/\/linitiative.ca\/International\/wp-json\/wp\/v2\/tags?post=37288"}],"curies":[{"name":"wp","href":"https:\/\/api.w.org\/{rel}","templated":true}]}}