{"id":37289,"date":"2019-05-28T16:50:37","date_gmt":"2019-05-28T20:50:37","guid":{"rendered":"https:\/\/linitiative.ca\/International\/filiere-coton-des-cotonculteurs-menacent-de-boycotter-la-campagne\/"},"modified":"2019-05-28T16:50:37","modified_gmt":"2019-05-28T20:50:37","slug":"filiere-coton-des-cotonculteurs-menacent-de-boycotter-la-campagne","status":"publish","type":"post","link":"https:\/\/linitiative.ca\/International\/filiere-coton-des-cotonculteurs-menacent-de-boycotter-la-campagne\/","title":{"rendered":"Fili\u00e8re coton : des cotonculteurs menacent de boycotter la campagne"},"content":{"rendered":"<div class=\"td-post-featured-image\"><a href=\"https:\/\/i1.wp.com\/www.sidwaya.info\/wp-content\/uploads\/2019\/05\/1-72.jpg?fit=738%2C553&#038;ssl=1\" data-caption=\"\"><img loading=\"lazy\" decoding=\"async\" width=\"696\" height=\"522\" class=\"entry-thumb td-modal-image\" src=\"https:\/\/i1.wp.com\/www.sidwaya.info\/wp-content\/uploads\/2019\/05\/1-72.jpg?resize=696%2C522&#038;ssl=1\" srcset=\"https:\/\/i1.wp.com\/www.sidwaya.info\/wp-content\/uploads\/2019\/05\/1-72.jpg?w=738&#038;ssl=1 738w, https:\/\/i1.wp.com\/www.sidwaya.info\/wp-content\/uploads\/2019\/05\/1-72.jpg?resize=300%2C225&#038;ssl=1 300w, https:\/\/i1.wp.com\/www.sidwaya.info\/wp-content\/uploads\/2019\/05\/1-72.jpg?resize=80%2C60&#038;ssl=1 80w, https:\/\/i1.wp.com\/www.sidwaya.info\/wp-content\/uploads\/2019\/05\/1-72.jpg?resize=265%2C198&#038;ssl=1 265w, https:\/\/i1.wp.com\/www.sidwaya.info\/wp-content\/uploads\/2019\/05\/1-72.jpg?resize=696%2C522&#038;ssl=1 696w, https:\/\/i1.wp.com\/www.sidwaya.info\/wp-content\/uploads\/2019\/05\/1-72.jpg?resize=561%2C420&#038;ssl=1 561w\" sizes=\"auto, (max-width: 696px) 100vw, 696px\" alt=\"\" title=\"1\"\/><\/a><\/div>\n<div class=\"td-a-rec td-a-rec-id-content_top td_uid_30_5cedabb8e0a2a_rand td_block_template_1\"><img loading=\"lazy\" decoding=\"async\" class=\"aligncenter size-full wp-image-4463\" src=\"https:\/\/www.sidwaya.info\/wp-content\/uploads\/2019\/02\/FESPACO-TOUR-2019-Bannie%CC%80re-728x90-1.jpg\" alt=\"\" width=\"728\" height=\"90\"\/><\/div>\n<p><strong>Les cotonculteurs membres de l\u2019Organisation d\u00e9mocratique des jeunes (ODJ) ont anim\u00e9 une conf\u00e9rence de presse, le mardi 28 mai 2019 \u00e0 Ouagadougou, pour informer d\u2019un boycott de la campagne cotonni\u00e8re en cas de non satisfaction de leur plateforme revendicative par le gouvernement.<\/strong><\/p>\n<p>Des producteurs de coton, militants de l\u2019Organisation d\u00e9mocratique des jeunes (ODJ), se pr\u00e9parent \u00e0 boycotter la campagne cotonni\u00e8re qui s\u2019annonce, si le gouvernement ne satisfait pas leur plateforme revendicative dans les meilleurs d\u00e9lais. C\u2019est du moins ce qu\u2019a laiss\u00e9 entendre le vice-pr\u00e9sident de l\u2019ODJ, Mahomed Traor\u00e9, au cours d\u2019une conf\u00e9rence de presse, tenue le mardi 28 mai 2019 \u00e0 Ouagadougou. Selon ses explications, la plateforme adopt\u00e9e en mars dernier et transmise aux autorit\u00e9s est jusque-l\u00e0 rest\u00e9e sans suite. Elle comporte, a-t-il fait savoir, trente-quatre points de revendication, dont les plus importants sont le rel\u00e8vement du prix d\u2019achat du coton \u00e0 500 FCFA au moins et la dissolution de l\u2019Union nationale des producteurs de coton (UNPCB), des Unions provinciales de producteurs de contons (UPPC) et des Unions d\u00e9partementales de producteurs de coton (UDPC).<\/p>\n<p>L\u2019organisation exige \u00e9galement des audits des structures fa\u00eeti\u00e8res des cotonculteurs de la soci\u00e9t\u00e9 des fibres textiles (SOFITEX), de Faso Coton et de la Soci\u00e9t\u00e9 cotonni\u00e8re du Gourma (SOCOMA). En sus, elle exige la mise aux arr\u00eats et le jugement des auteurs de malversations constat\u00e9es dans la gestion de ces structures. Pour M. Traor\u00e9, seule la satisfaction de ces revendications pourra conduire \u00e0 la sortie de crise que traverse actuellement la fili\u00e8re. Mais, il a fait cas de la \u00abmauvaise foi\u00bb du gouvernement qui, pour lui, n\u2019est pas du genre \u00e0 rassurer les producteurs.<\/p>\n<p>En effet, il a affirm\u00e9 que les intrants servis aux paysans durant la campagne 2017-2018 \u00e9taient de mauvaise qualit\u00e9. A la suite de cette affirmation du conf\u00e9rencier, les journalistes ont voulu savoir si l\u2019ODJ a men\u00e9 des \u00e9tudes sur la question avant de tirer cette conclusion. R\u00e9pondant \u00e0 la pr\u00e9occupation des hommes de m\u00e9dia, le vice-pr\u00e9sident de l\u2019ODJ a fait comprendre que les champs constituent les meilleurs laboratoires.<\/p>\n<p>\u00abDepuis des ann\u00e9es, c\u2019est la premi\u00e8re fois que nous avons des intrants d\u2019une aussi mauvaise qualit\u00e9 comme ceux de la campagne 2017-2018\u00bb, a-t-il affirm\u00e9. En outre, les journalistes ont demand\u00e9 le point de vue des conf\u00e9renciers sur la gouvernance actuelle des structures fa\u00eeti\u00e8res des producteurs. Sur ce sujet, le vice-pr\u00e9sident de l\u2019ODJ a cri\u00e9 \u00e0 une politisation de celles-ci. \u00abCe n\u2019est pas \u00e0 l\u2019Etat de cr\u00e9er des structures et forcer les paysans \u00e0 y adh\u00e9rer.<\/p>\n<p>L\u2019initiative doit venir des paysans eux-m\u00eames\u00bb, a dit Mahomed Traor\u00e9. Dans votre plateforme revendicative, vous exigez le rel\u00e8vement du prix d\u2019achat du coton \u00e0 500 F CFA. Est-ce que l\u2019ODJ maitrise tous les param\u00e8tres de fixation du prix du coton pour faire une telle proposition? R\u00e9pondant \u00e0 cette interrogation, M. Traor\u00e9 a confi\u00e9 que sa structure s\u2019est appuy\u00e9e sur les comptes d\u2019exploitation des champs pour proposer ce prix. Un prix qui, selon elle, va permettre aux producteurs de vivre de leur labeur.<\/p>\n<p class=\"c1\"><strong>Arnaud Fid\u00e8le YAMEOGO<\/strong><br \/><strong>(Stagiaire)<\/strong><\/p>\n<div class=\"td-a-rec td-a-rec-id-content_bottom td_uid_31_5cedabb8e0bd4_rand td_block_template_1\"><img loading=\"lazy\" decoding=\"async\" class=\"alignright size-full wp-image-1724\" src=\"https:\/\/www.sidwaya.info\/wp-content\/uploads\/2018\/12\/sidwaya-pub.jpg\" alt=\"\" width=\"720\" height=\"90\"\/><\/div>\n<p>Auteur: DD. Sidwaya<br \/>\n<a href=\"https:\/\/www.sidwaya.info\/blog\/2019\/05\/28\/filiere-coton-des-cotonculteurs-menacent-de-boycotter-la-campagne\/\">Cliquez ici pour lire l&rsquo;article depuis sa source.<\/a><\/p>\n","protected":false},"excerpt":{"rendered":"<p>Les cotonculteurs membres de l\u2019Organisation d\u00e9mocratique des jeunes (ODJ) ont anim\u00e9 une conf\u00e9rence de presse, le mardi 28 mai 2019 \u00e0 Ouagadougou, pour informer d\u2019un boycott de la campagne cotonni\u00e8re en cas de non satisfaction de leur plateforme revendicative par le gouvernement. Des producteurs de coton, militants de l\u2019Organisation d\u00e9mocratique des jeunes (ODJ), se pr\u00e9parent [&hellip;]<\/p>\n","protected":false},"author":1816,"featured_media":0,"comment_status":"closed","ping_status":"closed","sticky":false,"template":"","format":"standard","meta":{"fifu_image_url":"","fifu_image_alt":"","footnotes":""},"categories":[73,81],"tags":[],"class_list":["post-37289","post","type-post","status-publish","format-standard","hentry","category-actualite","category-burkina-faso"],"_links":{"self":[{"href":"https:\/\/linitiative.ca\/International\/wp-json\/wp\/v2\/posts\/37289","targetHints":{"allow":["GET"]}}],"collection":[{"href":"https:\/\/linitiative.ca\/International\/wp-json\/wp\/v2\/posts"}],"about":[{"href":"https:\/\/linitiative.ca\/International\/wp-json\/wp\/v2\/types\/post"}],"author":[{"embeddable":true,"href":"https:\/\/linitiative.ca\/International\/wp-json\/wp\/v2\/users\/1816"}],"replies":[{"embeddable":true,"href":"https:\/\/linitiative.ca\/International\/wp-json\/wp\/v2\/comments?post=37289"}],"version-history":[{"count":0,"href":"https:\/\/linitiative.ca\/International\/wp-json\/wp\/v2\/posts\/37289\/revisions"}],"wp:attachment":[{"href":"https:\/\/linitiative.ca\/International\/wp-json\/wp\/v2\/media?parent=37289"}],"wp:term":[{"taxonomy":"category","embeddable":true,"href":"https:\/\/linitiative.ca\/International\/wp-json\/wp\/v2\/categories?post=37289"},{"taxonomy":"post_tag","embeddable":true,"href":"https:\/\/linitiative.ca\/International\/wp-json\/wp\/v2\/tags?post=37289"}],"curies":[{"name":"wp","href":"https:\/\/api.w.org\/{rel}","templated":true}]}}