{"id":37290,"date":"2019-05-28T17:06:33","date_gmt":"2019-05-28T21:06:33","guid":{"rendered":"https:\/\/linitiative.ca\/International\/haro-sur-ces-tintamarres\/"},"modified":"2019-05-28T17:06:33","modified_gmt":"2019-05-28T21:06:33","slug":"haro-sur-ces-tintamarres","status":"publish","type":"post","link":"https:\/\/linitiative.ca\/International\/haro-sur-ces-tintamarres\/","title":{"rendered":"Haro sur ces tintamarres !"},"content":{"rendered":"<div class=\"td-post-featured-image\"><a href=\"https:\/\/i2.wp.com\/www.sidwaya.info\/wp-content\/uploads\/2019\/05\/0000.jpg?fit=709%2C510&#038;ssl=1\" data-caption=\"\"><img loading=\"lazy\" decoding=\"async\" width=\"696\" height=\"501\" class=\"entry-thumb td-modal-image\" src=\"https:\/\/i2.wp.com\/www.sidwaya.info\/wp-content\/uploads\/2019\/05\/0000.jpg?resize=696%2C501&#038;ssl=1\" srcset=\"https:\/\/i2.wp.com\/www.sidwaya.info\/wp-content\/uploads\/2019\/05\/0000.jpg?w=709&#038;ssl=1 709w, https:\/\/i2.wp.com\/www.sidwaya.info\/wp-content\/uploads\/2019\/05\/0000.jpg?resize=300%2C216&#038;ssl=1 300w, https:\/\/i2.wp.com\/www.sidwaya.info\/wp-content\/uploads\/2019\/05\/0000.jpg?resize=696%2C501&#038;ssl=1 696w, https:\/\/i2.wp.com\/www.sidwaya.info\/wp-content\/uploads\/2019\/05\/0000.jpg?resize=584%2C420&#038;ssl=1 584w\" sizes=\"auto, (max-width: 696px) 100vw, 696px\" alt=\"\" title=\"0000\"\/><\/a><\/div>\n<div class=\"td-a-rec td-a-rec-id-content_top td_uid_30_5cedabbc5e20d_rand td_block_template_1\"><img loading=\"lazy\" decoding=\"async\" class=\"aligncenter size-full wp-image-4463\" src=\"https:\/\/www.sidwaya.info\/wp-content\/uploads\/2019\/02\/FESPACO-TOUR-2019-Bannie%CC%80re-728x90-1.jpg\" alt=\"\" width=\"728\" height=\"90\"\/><\/div>\n<p>La cartographie des lieux de r\u00e9jouissance au Burkina Faso pousse \u00e0 un dilemme. Comment parvenir \u00e0 concilier repos et vacarme? Trouver r\u00e9ponse \u00e0 cette question, reviendra \u00e0 marier l\u2019eau et le feu. Il y a toujours une primaut\u00e9 de l\u2019un sur l\u2019autre. Ainsi, le vacarme ou pour \u00eatre plus pr\u00e9cis, les nuisances sonores cr\u00e9ent des d\u00e9sagr\u00e9ments sans nul autre pareil dans nos cit\u00e9s. Les sources de ces nuisances se cr\u00e9ent chaque jour avec ou sans autorisation de la mairie au nom plus ou moins \u00e9vocateur. C\u2019est tellement rentable que depuis peu, des domiciles priv\u00e9s sont transform\u00e9s en lieu de r\u00e9jouissances permanentes sans tenir compte de la qui\u00e9tude du voisinage. Personne ne fait la diff\u00e9rence entre une buvette, un bar, un dancing et m\u00eame une bo\u00eete de nuit. Tous jouent \u00e0 fond de la musique quel que soit le temps, et surtout l\u2019heure.<\/p>\n<p>Au voisinage de se trouver de quoi se boucher les oreilles. Bonnes gens, expliquez comment comprendre que l\u2019on ouvre dans un quartier, parfois derri\u00e8re la chambre \u00e0 coucher d\u2019un citoyen, un lieu o\u00f9 la musique est distill\u00e9e sans aucun \u00e9gard pour les r\u00e9sidents ? Personne n\u2019est contre ceux qui font de la r\u00e9jouissance quotidienne une activit\u00e9 lucrative d\u2019o\u00f9 ils tirent l\u2019essentiel de leurs ressources. L\u00e0 o\u00f9 le b\u00e2t blesse, c\u2019est lorsque cette action entra\u00eene de force les voisins, joue contre leur \u00e9panouissement et peut aussi entra\u00eener une baisse de leur rendement. Que peut la puissance publique pour att\u00e9nuer une action qui n\u2019est pas sans cons\u00e9quence sur la sant\u00e9 des citoyens ?<\/p>\n<p>Il est difficile pour le cerveau de tenir d\u2019affil\u00e9e 24 heures sans repos. Pendant que vous fonctionnez la journ\u00e9e, eux, ils se reposent all\u00e8grement pour venir vous perturber la nuit. S\u2019ils acceptaient partager la poire en deux ou en trois, en insonorisant leur business, et arr\u00eatant toute musique, ou de concert avec le voisinage en s\u2019offrant le weekend pour leur agape, personne ne trouvera \u00e0 redire. Dans une soci\u00e9t\u00e9 expos\u00e9e au risque de maladies de toutes formes, si l\u2019intrusion des nuisances pouvait \u00eatre r\u00e8glement\u00e9e, bien de secteurs se porteraient mieux. Il est vrai que les tenanciers de ces lieux payent des taxes, qu\u2019ils contribuent \u00e0 embaucher des jeunes, qu\u2019ils participent \u00e0 l\u2019effort de d\u00e9veloppement. Mais tout de m\u00eame pas en sacrifiant la sant\u00e9 d\u2019autres citoyens. Ailleurs, dans certains pays, \u00e0 partir de 22h, la ville fonctionne sans musique.<\/p>\n<p>Ou, s\u2019il y a de la musique, c\u2019est bien d\u2019une musique adapt\u00e9e, douce et suave qui accompagne le voisinage dans son repos. Pas de tintamarre qui tonne jusqu\u2019\u00e0 r\u00e9veiller des sourds. Notre probl\u00e8me \u00e0 nous, c\u2019est le \u00abje m\u2019en fous\u00bb de l\u2019autre qu\u2019accompagne bien souvent \u00abil ne sait pas qui je suis\u00bb. Erreur, tu n\u2019es qu\u2019un pauvre, une charogne d\u00e8s lors que le souffle te quitte. Il faut esp\u00e9rer qu\u2019un jour la compr\u00e9hension pr\u00e9vaudra pour harmoniser un vivre-ensemble o\u00f9 chaque maillon est important. D\u00e9j\u00e0 avec les gros porteurs, le moment o\u00f9 la compr\u00e9hension entre diff\u00e9rents acteurs prendra le dessus n\u2019est certainement pas loin. Esp\u00e9rons, ce jour aussi, o\u00f9 \u00e0 partir d\u2019une certaine heure, les tenanciers de lieux de r\u00e9jouissance vont consentir \u00e0 couper ou du moins \u00e0 r\u00e9duire la musique afin de permettre aux voisins de respirer, est proche. Loin de nous d\u2019imaginer une soci\u00e9t\u00e9 sans musique, car elle accompagne certaines de nos actions en p\u00e9riode de joie ou de peine.<\/p>\n<p class=\"c1\"><strong>Jean Philippe TOUGOUMA<\/strong><\/p>\n<div class=\"td-a-rec td-a-rec-id-content_bottom td_uid_31_5cedabbc5e3a3_rand td_block_template_1\"><img loading=\"lazy\" decoding=\"async\" class=\"alignright size-full wp-image-1724\" src=\"https:\/\/www.sidwaya.info\/wp-content\/uploads\/2018\/12\/sidwaya-pub.jpg\" alt=\"\" width=\"720\" height=\"90\"\/><\/div>\n<p>Auteur: DD. Sidwaya<br \/>\n<a href=\"https:\/\/www.sidwaya.info\/blog\/2019\/05\/28\/haro-sur-ces-tintamarres\/\">Cliquez ici pour lire l&rsquo;article depuis sa source.<\/a><\/p>\n","protected":false},"excerpt":{"rendered":"<p>La cartographie des lieux de r\u00e9jouissance au Burkina Faso pousse \u00e0 un dilemme. Comment parvenir \u00e0 concilier repos et vacarme? Trouver r\u00e9ponse \u00e0 cette question, reviendra \u00e0 marier l\u2019eau et le feu. Il y a toujours une primaut\u00e9 de l\u2019un sur l\u2019autre. Ainsi, le vacarme ou pour \u00eatre plus pr\u00e9cis, les nuisances sonores cr\u00e9ent des [&hellip;]<\/p>\n","protected":false},"author":1816,"featured_media":0,"comment_status":"closed","ping_status":"closed","sticky":false,"template":"","format":"standard","meta":{"fifu_image_url":"","fifu_image_alt":"","footnotes":""},"categories":[73,81],"tags":[],"class_list":["post-37290","post","type-post","status-publish","format-standard","hentry","category-actualite","category-burkina-faso"],"_links":{"self":[{"href":"https:\/\/linitiative.ca\/International\/wp-json\/wp\/v2\/posts\/37290","targetHints":{"allow":["GET"]}}],"collection":[{"href":"https:\/\/linitiative.ca\/International\/wp-json\/wp\/v2\/posts"}],"about":[{"href":"https:\/\/linitiative.ca\/International\/wp-json\/wp\/v2\/types\/post"}],"author":[{"embeddable":true,"href":"https:\/\/linitiative.ca\/International\/wp-json\/wp\/v2\/users\/1816"}],"replies":[{"embeddable":true,"href":"https:\/\/linitiative.ca\/International\/wp-json\/wp\/v2\/comments?post=37290"}],"version-history":[{"count":0,"href":"https:\/\/linitiative.ca\/International\/wp-json\/wp\/v2\/posts\/37290\/revisions"}],"wp:attachment":[{"href":"https:\/\/linitiative.ca\/International\/wp-json\/wp\/v2\/media?parent=37290"}],"wp:term":[{"taxonomy":"category","embeddable":true,"href":"https:\/\/linitiative.ca\/International\/wp-json\/wp\/v2\/categories?post=37290"},{"taxonomy":"post_tag","embeddable":true,"href":"https:\/\/linitiative.ca\/International\/wp-json\/wp\/v2\/tags?post=37290"}],"curies":[{"name":"wp","href":"https:\/\/api.w.org\/{rel}","templated":true}]}}