{"id":37291,"date":"2019-05-28T17:10:31","date_gmt":"2019-05-28T21:10:31","guid":{"rendered":"https:\/\/linitiative.ca\/International\/mobilisation-des-recettes-le-fmi-presente-ses-options-au-burkina\/"},"modified":"2019-05-28T17:10:31","modified_gmt":"2019-05-28T21:10:31","slug":"mobilisation-des-recettes-le-fmi-presente-ses-options-au-burkina","status":"publish","type":"post","link":"https:\/\/linitiative.ca\/International\/mobilisation-des-recettes-le-fmi-presente-ses-options-au-burkina\/","title":{"rendered":"Mobilisation des recettes  : le FMI pr\u00e9sente ses options au Burkina"},"content":{"rendered":"<div class=\"td-post-featured-image\"><a href=\"https:\/\/i2.wp.com\/www.sidwaya.info\/wp-content\/uploads\/2019\/05\/1-74.jpg?fit=738%2C493&#038;ssl=1\" data-caption=\"\"><img loading=\"lazy\" decoding=\"async\" width=\"696\" height=\"465\" class=\"entry-thumb td-modal-image\" src=\"https:\/\/i2.wp.com\/www.sidwaya.info\/wp-content\/uploads\/2019\/05\/1-74.jpg?resize=696%2C465&#038;ssl=1\" srcset=\"https:\/\/i2.wp.com\/www.sidwaya.info\/wp-content\/uploads\/2019\/05\/1-74.jpg?w=738&#038;ssl=1 738w, https:\/\/i2.wp.com\/www.sidwaya.info\/wp-content\/uploads\/2019\/05\/1-74.jpg?resize=300%2C200&#038;ssl=1 300w, https:\/\/i2.wp.com\/www.sidwaya.info\/wp-content\/uploads\/2019\/05\/1-74.jpg?resize=696%2C465&#038;ssl=1 696w, https:\/\/i2.wp.com\/www.sidwaya.info\/wp-content\/uploads\/2019\/05\/1-74.jpg?resize=629%2C420&#038;ssl=1 629w\" sizes=\"auto, (max-width: 696px) 100vw, 696px\" alt=\"\" title=\"1\"\/><\/a><\/div>\n<div class=\"td-a-rec td-a-rec-id-content_top td_uid_30_5cedabc04405a_rand td_block_template_1\"><img loading=\"lazy\" decoding=\"async\" class=\"aligncenter size-full wp-image-4463\" src=\"https:\/\/www.sidwaya.info\/wp-content\/uploads\/2019\/02\/FESPACO-TOUR-2019-Bannie%CC%80re-728x90-1.jpg\" alt=\"\" width=\"728\" height=\"90\"\/><\/div>\n<p><strong>Une d\u00e9l\u00e9gation du Fonds mon\u00e9taire international, conduite par le directeur adjoint du d\u00e9partement Afrique, Dominique Desruelles, a eu une s\u00e9ance de travail avec le Premier ministre, Christophe Joseph Marie Dabir\u00e9, le mardi 28 mai 2019.<\/strong><\/p>\n<p>Les options pour combler le gap dans la mobilisation des recettes int\u00e9rieures, am\u00e9liorer l\u2019efficacit\u00e9 des d\u00e9penses publiques ont \u00e9t\u00e9 pass\u00e9es en revue au cours d\u2019une rencontre entre le chef du gouvernement, Christophe Joseph Marie Dabir\u00e9, et une d\u00e9l\u00e9gation du Fonds mon\u00e9taire international (FMI), dans la soir\u00e9e du mardi 28 mai 2019, \u00e0 Ouagadougou. \u00abNous savons que le Plan national de d\u00e9veloppement \u00e9conomique et social (PNDES) est mis en \u0153uvre dans un contexte de risques s\u00e9curitaires accrus dont il faut tenir compte. Ainsi pendant la s\u00e9ance, nous avons discut\u00e9 particuli\u00e8rement de diverses options pour trouver des marges de man\u0153uvre suppl\u00e9mentaires afin de faire face aux d\u00e9penses prioritaires, qu\u2019il s\u2019agisse des investissements, de la s\u00e9curit\u00e9 ou de la question sociale\u00bb, a confi\u00e9 le chef de la d\u00e9l\u00e9gation du FMI, Dominique Desruelles, par ailleurs directeur adjoint du d\u00e9partement Afrique. Il a indiqu\u00e9 que le FMI a pour r\u00f4le de proposer diff\u00e9rentes options aux autorit\u00e9s et il leur revient de choisir celles qui leur conviennent et de les annoncer le moment appropri\u00e9.<\/p>\n<p>\u00abNotre d\u00e9marche consiste \u00e0 identifier\u00a0les leviers devant permettre d\u2019accro\u00eetre les d\u00e9penses d\u2019investissement. Dans certains pays, il faut \u00e9largir l\u2019assiette fiscale en supprimant par exemple des exemptions qui n\u2019ont plus lieu d\u2019\u00eatre, tandis que pour d\u2019autres, il faut am\u00e9liorer l\u2019efficacit\u00e9 de la d\u00e9pense publique. En tout \u00e9tat de cause, ce sont les autorit\u00e9s qui d\u00e9cident de la d\u00e9marche la plus adapt\u00e9e\u00bb, a-t-il poursuivi.<br \/>Prenant part \u00e0 la s\u00e9ance de travail, le ministre de l\u2019Economie, des Finances et du D\u00e9veloppement, Lassan\u00e9 Kabor\u00e9, a d\u00e9clar\u00e9 que le Burkina Faso et le FMI sont d\u2019accord pour estimer le taux de croissance \u00e0 6% en 2019 contre les projections de 6,20% ant\u00e9rieurement annonc\u00e9es.\u00a0 \u00abLe fonds a not\u00e9 que nous avons pu mobiliser les 430 milliards FCFA mais qu\u2019il y a des actions \u00e0 mener pour combler le gap de 26 milliards FCFA\u00bb, a-t-il ajout\u00e9. Le ministre a annonc\u00e9 que le FMI s\u2019est engag\u00e9 \u00e0 accompagner le plan propos\u00e9 par les autorit\u00e9s pour r\u00e9sorber ce gap et accro\u00eetre les recettes. La partie burkinab\u00e8 doit \u00e9galement am\u00e9liorer l\u2019efficacit\u00e9 de la d\u00e9pense publique.<br \/>Le Fonds mon\u00e9taire international est une des institutions de Bretton Woods, cr\u00e9\u00e9 en 1944. Il accorde des pr\u00eats aux pays qui connaissent des difficult\u00e9s. Mais il exige en contrepartie des r\u00e9formes parfois drastiques aux pays en crise.<\/p>\n<p class=\"c1\"><strong>Nad\u00e8ge YE<\/strong><\/p>\n<div class=\"td-a-rec td-a-rec-id-content_bottom td_uid_31_5cedabc044203_rand td_block_template_1\"><img loading=\"lazy\" decoding=\"async\" class=\"alignright size-full wp-image-1724\" src=\"https:\/\/www.sidwaya.info\/wp-content\/uploads\/2018\/12\/sidwaya-pub.jpg\" alt=\"\" width=\"720\" height=\"90\"\/><\/div>\n<p>Auteur: DD. Sidwaya<br \/>\n<a href=\"https:\/\/www.sidwaya.info\/blog\/2019\/05\/28\/mobilisation-des-recettes-le-fmi-presente-ses-options-au-burkina\/\">Cliquez ici pour lire l&rsquo;article depuis sa source.<\/a><\/p>\n","protected":false},"excerpt":{"rendered":"<p>Une d\u00e9l\u00e9gation du Fonds mon\u00e9taire international, conduite par le directeur adjoint du d\u00e9partement Afrique, Dominique Desruelles, a eu une s\u00e9ance de travail avec le Premier ministre, Christophe Joseph Marie Dabir\u00e9, le mardi 28 mai 2019. Les options pour combler le gap dans la mobilisation des recettes int\u00e9rieures, am\u00e9liorer l\u2019efficacit\u00e9 des d\u00e9penses publiques ont \u00e9t\u00e9 pass\u00e9es [&hellip;]<\/p>\n","protected":false},"author":1816,"featured_media":0,"comment_status":"closed","ping_status":"closed","sticky":false,"template":"","format":"standard","meta":{"fifu_image_url":"","fifu_image_alt":"","footnotes":""},"categories":[73,81],"tags":[],"class_list":["post-37291","post","type-post","status-publish","format-standard","hentry","category-actualite","category-burkina-faso"],"_links":{"self":[{"href":"https:\/\/linitiative.ca\/International\/wp-json\/wp\/v2\/posts\/37291","targetHints":{"allow":["GET"]}}],"collection":[{"href":"https:\/\/linitiative.ca\/International\/wp-json\/wp\/v2\/posts"}],"about":[{"href":"https:\/\/linitiative.ca\/International\/wp-json\/wp\/v2\/types\/post"}],"author":[{"embeddable":true,"href":"https:\/\/linitiative.ca\/International\/wp-json\/wp\/v2\/users\/1816"}],"replies":[{"embeddable":true,"href":"https:\/\/linitiative.ca\/International\/wp-json\/wp\/v2\/comments?post=37291"}],"version-history":[{"count":0,"href":"https:\/\/linitiative.ca\/International\/wp-json\/wp\/v2\/posts\/37291\/revisions"}],"wp:attachment":[{"href":"https:\/\/linitiative.ca\/International\/wp-json\/wp\/v2\/media?parent=37291"}],"wp:term":[{"taxonomy":"category","embeddable":true,"href":"https:\/\/linitiative.ca\/International\/wp-json\/wp\/v2\/categories?post=37291"},{"taxonomy":"post_tag","embeddable":true,"href":"https:\/\/linitiative.ca\/International\/wp-json\/wp\/v2\/tags?post=37291"}],"curies":[{"name":"wp","href":"https:\/\/api.w.org\/{rel}","templated":true}]}}