{"id":37292,"date":"2019-05-28T17:16:30","date_gmt":"2019-05-28T21:16:30","guid":{"rendered":"https:\/\/linitiative.ca\/International\/lutte-contre-linsecurite-le-role-et-la-place-de-la-communication-discutes-a-listic\/"},"modified":"2019-05-28T17:16:30","modified_gmt":"2019-05-28T21:16:30","slug":"lutte-contre-linsecurite-le-role-et-la-place-de-la-communication-discutes-a-listic","status":"publish","type":"post","link":"https:\/\/linitiative.ca\/International\/lutte-contre-linsecurite-le-role-et-la-place-de-la-communication-discutes-a-listic\/","title":{"rendered":"Lutte contre l\u2019Ins\u00e9curit\u00e9 : le  r\u00f4le et la place de la communication discut\u00e9s \u00e0 l\u2019ISTIC"},"content":{"rendered":"<div class=\"td-post-featured-image\"><a href=\"https:\/\/i2.wp.com\/www.sidwaya.info\/wp-content\/uploads\/2019\/05\/1-75.jpg?fit=738%2C493&#038;ssl=1\" data-caption=\"\"><img loading=\"lazy\" decoding=\"async\" width=\"696\" height=\"465\" class=\"entry-thumb td-modal-image\" src=\"https:\/\/i2.wp.com\/www.sidwaya.info\/wp-content\/uploads\/2019\/05\/1-75.jpg?resize=696%2C465&#038;ssl=1\" srcset=\"https:\/\/i2.wp.com\/www.sidwaya.info\/wp-content\/uploads\/2019\/05\/1-75.jpg?w=738&#038;ssl=1 738w, https:\/\/i2.wp.com\/www.sidwaya.info\/wp-content\/uploads\/2019\/05\/1-75.jpg?resize=300%2C200&#038;ssl=1 300w, https:\/\/i2.wp.com\/www.sidwaya.info\/wp-content\/uploads\/2019\/05\/1-75.jpg?resize=696%2C465&#038;ssl=1 696w, https:\/\/i2.wp.com\/www.sidwaya.info\/wp-content\/uploads\/2019\/05\/1-75.jpg?resize=629%2C420&#038;ssl=1 629w\" sizes=\"auto, (max-width: 696px) 100vw, 696px\" alt=\"\" title=\"1\"\/><\/a><\/div>\n<div class=\"td-a-rec td-a-rec-id-content_top td_uid_30_5cedabc390f1b_rand td_block_template_1\"><img loading=\"lazy\" decoding=\"async\" class=\"aligncenter size-full wp-image-4463\" src=\"https:\/\/www.sidwaya.info\/wp-content\/uploads\/2019\/02\/FESPACO-TOUR-2019-Bannie%CC%80re-728x90-1.jpg\" alt=\"\" width=\"728\" height=\"90\"\/><\/div>\n<p><strong>Les \u00e9tudiants de l\u2019Institut des sciences et techniques de l\u2019information et de la communication (ISTIC), ont organis\u00e9 \u00e0 Ouagadougou, du 23 au 25 mai 2019 une rencontre d\u2019\u00e9changes sur la situation s\u00e9curitaire dans le cadre de leurs 72 heures.<\/strong><\/p>\n<p>Le Burkina Faso est confront\u00e9 \u00e0 une ins\u00e9curit\u00e9 depuis quelques ann\u00e9es plombant le d\u00e9veloppement socio-\u00e9conomique du pays. C\u2019est dans ce contexte que les \u00e9tudiants de l\u2019Institut des sciences et techniques de l\u2019information et de la communication (ISTIC) ont \u00e9chang\u00e9 lors de leurs \u00ab72 heures\u00a0\u00bb sur la situation du pays et partager leurs id\u00e9es avec des personnes ressources et des camarades venus d\u2019autres \u00e9tablissements. La rencontre avait pour objectif de r\u00e9fl\u00e9chir sur les d\u00e9fis s\u00e9curitaires du Burkina Faso et sur le r\u00f4le et la place des professionnels de l\u2019information et de la communication dans la lutte contre le terrorisme au Burkina. \u00abCette ann\u00e9e, nous avon,s de fa\u00e7on coll\u00e9giale, d\u00e9cid\u00e9 de focaliser toute l\u2019attention sur la situation de l\u2019heure au Burkina, en s\u2019interrogeant sur le r\u00f4le et la place des professionnels de l\u2019information et de la communication dans le contexte actuel de notre pays, domin\u00e9 par les attaques de tous genres par des groupes arm\u00e9s et r\u00e9cemment marqu\u00e9 par des conflits intercommunautaires\u00bb, a d\u00e9clar\u00e9 le d\u00e9l\u00e9gu\u00e9 de l\u2019ISTIC, Gnarkit\u00e9 Dah. Le ministre de l\u2019Administration territoriale, de la D\u00e9centralisation et de la Coh\u00e9sion sociale, Sim\u00e9on Sawadogo, s\u2019est r\u00e9joui de se retrouver dans ce creuset, qui permet d\u2019avoir des professionnels aguerris de l\u2019information et de la communication. Il a remerci\u00e9 les \u00e9tudiants pour le choix port\u00e9 sur la th\u00e9matique de la s\u00e9curit\u00e9. \u00abIl est tr\u00e8s important que nous soyons face \u00e0 l\u2019ins\u00e9curit\u00e9, au terrorisme et aux conflits intercommunautaires. Pour cela, il faut que nous nous demandions comment \u00e9radiquer la violence et faire r\u00e9gner la paix, le vivre-ensemble et la coh\u00e9sion sociale pour le d\u00e9veloppement de notre pays\u00bb, a souhait\u00e9 le ministre. Il a invit\u00e9 les \u00e9tudiants \u00e0 acqu\u00e9rir suffisamment les connaissances car, la communication qu\u2019elle soit orale ou \u00e9crite, est un levier important pour la soci\u00e9t\u00e9.<\/p>\n<p class=\"c1\"><strong>Jean SAWADOGO<\/strong><br \/><strong>(Stagiaire)<\/strong><\/p>\n<div class=\"td-a-rec td-a-rec-id-content_bottom td_uid_31_5cedabc3910b8_rand td_block_template_1\"><img loading=\"lazy\" decoding=\"async\" class=\"alignright size-full wp-image-1724\" src=\"https:\/\/www.sidwaya.info\/wp-content\/uploads\/2018\/12\/sidwaya-pub.jpg\" alt=\"\" width=\"720\" height=\"90\"\/><\/div>\n<p>Auteur: DD. Sidwaya<br \/>\n<a href=\"https:\/\/www.sidwaya.info\/blog\/2019\/05\/28\/lutte-contre-linsecurite-le-role-et-la-place-de-la-communication-discutes-a-listic\/\">Cliquez ici pour lire l&rsquo;article depuis sa source.<\/a><\/p>\n","protected":false},"excerpt":{"rendered":"<p>Les \u00e9tudiants de l\u2019Institut des sciences et techniques de l\u2019information et de la communication (ISTIC), ont organis\u00e9 \u00e0 Ouagadougou, du 23 au 25 mai 2019 une rencontre d\u2019\u00e9changes sur la situation s\u00e9curitaire dans le cadre de leurs 72 heures. Le Burkina Faso est confront\u00e9 \u00e0 une ins\u00e9curit\u00e9 depuis quelques ann\u00e9es plombant le d\u00e9veloppement socio-\u00e9conomique du [&hellip;]<\/p>\n","protected":false},"author":1816,"featured_media":0,"comment_status":"closed","ping_status":"closed","sticky":false,"template":"","format":"standard","meta":{"fifu_image_url":"","fifu_image_alt":"","footnotes":""},"categories":[73,81],"tags":[],"class_list":["post-37292","post","type-post","status-publish","format-standard","hentry","category-actualite","category-burkina-faso"],"_links":{"self":[{"href":"https:\/\/linitiative.ca\/International\/wp-json\/wp\/v2\/posts\/37292","targetHints":{"allow":["GET"]}}],"collection":[{"href":"https:\/\/linitiative.ca\/International\/wp-json\/wp\/v2\/posts"}],"about":[{"href":"https:\/\/linitiative.ca\/International\/wp-json\/wp\/v2\/types\/post"}],"author":[{"embeddable":true,"href":"https:\/\/linitiative.ca\/International\/wp-json\/wp\/v2\/users\/1816"}],"replies":[{"embeddable":true,"href":"https:\/\/linitiative.ca\/International\/wp-json\/wp\/v2\/comments?post=37292"}],"version-history":[{"count":0,"href":"https:\/\/linitiative.ca\/International\/wp-json\/wp\/v2\/posts\/37292\/revisions"}],"wp:attachment":[{"href":"https:\/\/linitiative.ca\/International\/wp-json\/wp\/v2\/media?parent=37292"}],"wp:term":[{"taxonomy":"category","embeddable":true,"href":"https:\/\/linitiative.ca\/International\/wp-json\/wp\/v2\/categories?post=37292"},{"taxonomy":"post_tag","embeddable":true,"href":"https:\/\/linitiative.ca\/International\/wp-json\/wp\/v2\/tags?post=37292"}],"curies":[{"name":"wp","href":"https:\/\/api.w.org\/{rel}","templated":true}]}}