{"id":37295,"date":"2019-05-28T14:18:21","date_gmt":"2019-05-28T18:18:21","guid":{"rendered":"https:\/\/linitiative.ca\/International\/les-deputes-de-lopposition-se-retirent-de-la-mediation-pour-la-composition-du-bureau-de-lassemblee-nationale\/"},"modified":"2019-05-28T14:18:21","modified_gmt":"2019-05-28T18:18:21","slug":"les-deputes-de-lopposition-se-retirent-de-la-mediation-pour-la-composition-du-bureau-de-lassemblee-nationale","status":"publish","type":"post","link":"https:\/\/linitiative.ca\/International\/les-deputes-de-lopposition-se-retirent-de-la-mediation-pour-la-composition-du-bureau-de-lassemblee-nationale\/","title":{"rendered":"Les d\u00e9put\u00e9s de l\u2019opposition se retirent de la M\u00e9diation pour la composition du bureau de l\u2019Assembl\u00e9e nationale"},"content":{"rendered":"<div readability=\"32\">\n<p>Publi\u00e9 le 28.05.2019 \u00e0 19h18 par APA News<\/p>\n<\/div>\n<div readability=\"78\">\n<p>Les d\u00e9put\u00e9s de l\u2019opposition ont annonc\u00e9, mardi face \u00e0 la presse, leur retrait de la M\u00e9diation initi\u00e9e par la Repr\u00e9sentante de l\u2019Union Africaine \u00e0 la demande du Pr\u00e9sident de l\u2019Assembl\u00e9e nationale en vue de la mise en place du Bureau de la Chambre basse du Parlement.Selon la d\u00e9put\u00e9e Yasmina Ou\u00e9gnin, Porte-parole des\u00a0Groupes parlementaires Pdci-Rda, Rassemblement et Vox Populi (Opposition), cette d\u00e9cision d\u00e9coule\u00a0de\u00a0\u00ab\u00a0la volont\u00e9 manifeste et continue du Pr\u00e9sident de l\u2019Assembl\u00e9e nationale de violer la Constitution de notre pays et le R\u00e8glement de notre Institution\u00a0\u00bb.<\/p>\n<p>\u00ab Hier, lundi 27 mai 2019, soit plus de 10 jours apr\u00e8s le d\u00e9but de la M\u00e9diation et malgr\u00e9 de nombreux \u00e9changes, le Pr\u00e9sident de l\u2019Assembl\u00e9e nationale refuse avec obstination d\u2019acc\u00e9der \u00e0 la nouvelle proposition faite par les groupes parlementaires de l\u2019opposition de se d\u00e9lester de 3 postes (un (1) Vice-pr\u00e9sident et de deux (2) secr\u00e9taires) \u00a0sur les onze (11) qui leur reviennent de droit ; attitude de M. Amadou Soumahoro est en contradiction avec l\u2019esprit de dialogue et d\u2019ouverture dont il se proclame ces derniers temps \u2018\u2019, a expliqu\u00e9 Mme Ou\u00e9gnin.<\/p>\n<p>En outre, les trois groupes parlementaires ont d\u00e9cid\u00e9 \u00ab\u00a0de ne pas appartenir au Bureau de l\u2019Assembl\u00e9e nationale, ill\u00e9galement constitu\u00e9, ainsi qu\u2019aux Bureaux des diff\u00e9rentes commissions permanentes, d\u2019engager toutes les actions l\u00e9gales, au plan national et international, \u00e0 l\u2019effet de corriger ce grave dysfonctionnement institutionnel et d\u2019exercer un recours juridictionnel dans les meilleurs d\u00e9lais \u00bb, a indiqu\u00e9 la d\u00e9put\u00e9e de Cocody qui avait \u00e0 ses c\u00f4t\u00e9s les pr\u00e9sidents des groupes parlementaires Pdci-Rda (Pr Maurice Kakou Guikahu\u00e9), Rassemblement (C\u00e9lestine Olib\u00e9 Taz\u00e9r\u00e9) et Vox Populi (Martin N\u2019bolo).<\/p>\n<p>Cependant, pour assurer la meilleure repr\u00e9sentation possible des int\u00e9r\u00eats des populations ivoiriennes qui les ont \u00e9lus, les d\u00e9put\u00e9s de l\u2019opposition s\u2019engagent \u00e0 participer aux travaux parlementaires.<\/p>\n<p>Car, \u00ab\u00a0de nombreuses pr\u00e9occupations d\u2019int\u00e9r\u00eat national, telles que la crise de l\u2019\u00e9ducation nationale, les questions s\u00e9curitaires et la r\u00e9surgence des diff\u00e9rends inter-communautaires notamment, m\u00e9ritent d\u2019\u00eatre examin\u00e9es avec c\u00e9l\u00e9rit\u00e9 par la Repr\u00e9sentation nationale\u00a0\u00bb, a conclu Yasmina Ou\u00e9gnin.\u00a0<\/p>\n<\/div>\n<p>Auteur: APA News<br \/>\n<a href=\"https:\/\/www.journalducameroun.com\/les-deputes-de-lopposition-se-retirent-de-la-mediation-pour-la-composition-du-bureau-de-lassemblee-nationale\/\">Cliquez ici pour lire l&rsquo;article depuis sa source.<\/a><\/p>\n","protected":false},"excerpt":{"rendered":"<p>Publi\u00e9 le 28.05.2019 \u00e0 19h18 par APA News Les d\u00e9put\u00e9s de l\u2019opposition ont annonc\u00e9, mardi face \u00e0 la presse, leur retrait de la M\u00e9diation initi\u00e9e par la Repr\u00e9sentante de l\u2019Union Africaine \u00e0 la demande du Pr\u00e9sident de l\u2019Assembl\u00e9e nationale en vue de la mise en place du Bureau de la Chambre basse du Parlement.Selon la [&hellip;]<\/p>\n","protected":false},"author":1965,"featured_media":0,"comment_status":"closed","ping_status":"closed","sticky":false,"template":"","format":"standard","meta":{"fifu_image_url":"","fifu_image_alt":"","footnotes":""},"categories":[73,82],"tags":[],"class_list":["post-37295","post","type-post","status-publish","format-standard","hentry","category-actualite","category-cameroun"],"_links":{"self":[{"href":"https:\/\/linitiative.ca\/International\/wp-json\/wp\/v2\/posts\/37295","targetHints":{"allow":["GET"]}}],"collection":[{"href":"https:\/\/linitiative.ca\/International\/wp-json\/wp\/v2\/posts"}],"about":[{"href":"https:\/\/linitiative.ca\/International\/wp-json\/wp\/v2\/types\/post"}],"author":[{"embeddable":true,"href":"https:\/\/linitiative.ca\/International\/wp-json\/wp\/v2\/users\/1965"}],"replies":[{"embeddable":true,"href":"https:\/\/linitiative.ca\/International\/wp-json\/wp\/v2\/comments?post=37295"}],"version-history":[{"count":0,"href":"https:\/\/linitiative.ca\/International\/wp-json\/wp\/v2\/posts\/37295\/revisions"}],"wp:attachment":[{"href":"https:\/\/linitiative.ca\/International\/wp-json\/wp\/v2\/media?parent=37295"}],"wp:term":[{"taxonomy":"category","embeddable":true,"href":"https:\/\/linitiative.ca\/International\/wp-json\/wp\/v2\/categories?post=37295"},{"taxonomy":"post_tag","embeddable":true,"href":"https:\/\/linitiative.ca\/International\/wp-json\/wp\/v2\/tags?post=37295"}],"curies":[{"name":"wp","href":"https:\/\/api.w.org\/{rel}","templated":true}]}}