{"id":37296,"date":"2019-05-28T14:50:01","date_gmt":"2019-05-28T18:50:01","guid":{"rendered":"https:\/\/linitiative.ca\/International\/les-livraisons-darmes-francaises-a-larabie-saoudite-a-nouveau-sur-le-tapis\/"},"modified":"2019-05-28T14:50:01","modified_gmt":"2019-05-28T18:50:01","slug":"les-livraisons-darmes-francaises-a-larabie-saoudite-a-nouveau-sur-le-tapis","status":"publish","type":"post","link":"https:\/\/linitiative.ca\/International\/les-livraisons-darmes-francaises-a-larabie-saoudite-a-nouveau-sur-le-tapis\/","title":{"rendered":"Les livraisons d\u2019armes fran\u00e7aises \u00e0 l\u2019Arabie saoudite \u00e0 nouveau sur le tapis"},"content":{"rendered":"<div readability=\"32\">\n<p>Publi\u00e9 le 28.05.2019 \u00e0 19h50 par AFP<\/p>\n<\/div>\n<div readability=\"132\">\n<p>Entr\u00e9 au port de Marseille-Fos mardi, le cargo Bahri Tabuk doit y charger des munitions de canons fran\u00e7ais \u00e0 destination de l\u2019Arabie saoudite, accuse le m\u00e9dia ind\u00e9pendant Disclose, des affirmations vivement d\u00e9menties par l\u2019armateur du navire.<\/p>\n<p>Selon Disclose, ce cargo saoudien doit prendre livraison de munitions pour les canons Caesar fran\u00e7ais, \u00e0 destination de Jeddah, en Arabie saoudite. Une accusation \u00e9minemment sensible, ces armes pouvant \u00eatre utilis\u00e9es pour tuer des civils au Y\u00e9men, selon des ONG.<\/p>\n<p>Pour Shipping Agency Service, la soci\u00e9t\u00e9 repr\u00e9sentant en France l\u2019armateur saoudien Bahri, ce sont uniquement des g\u00e9n\u00e9rateurs \u00e9lectriques que le Bahri Tabuk compte embarquer mercredi: \u00ab\u00a0Le navire va charger, pour le compte de (l\u2019entreprise allemande) Siemens, des stations mobile d\u2019\u00e9lectricit\u00e9 \u00e0 usage civil, et cela repr\u00e9sente 100% de sa marchandise\u00a0\u00bb, a insist\u00e9 aupr\u00e8s de l\u2019AFP un porte-parole de SAS, selon qui \u00ab\u00a0les informations sur un chargement d\u2019armes ou d\u2019explosifs sont compl\u00e8tement bidon\u00a0\u00bb.<\/p>\n<p>\u00ab\u00a0Ce sont des +fake news+, comme c\u2019\u00e9tait d\u00e9j\u00e0 le cas au Havre\u00a0\u00bb, il y a deux semaines, quand un autre cargo saoudien du m\u00eame armateur, le Bahri Yanbu, avait d\u00e9j\u00e0 \u00e9t\u00e9 soup\u00e7onn\u00e9 de vouloir embarquer des armes fran\u00e7aises \u00e0 destination de l\u2019Arabie saoudite, a-t-il poursuivi. Ce navire avait finalement renonc\u00e9 \u00e0 accoster au port du Havre (Seine-Maritime, nord-ouest), apr\u00e8s cette une pol\u00e9mique provoqu\u00e9e d\u00e9j\u00e0 par des accusations de Disclose.<\/p>\n<p>Cette nouvelle pol\u00e9mique sur les livraisons d\u2019armes fran\u00e7aises \u00e0 l\u2019Arabie saoudite et leur potentielle utilisation dans le conflit au Y\u00e9men a donn\u00e9 lieu \u00e0 une passe d\u2019armes \u00e0 l\u2019Assembl\u00e9e nationale mardi apr\u00e8s-midi.<\/p>\n<p>\u00ab\u00a0Nous sommes en train de v\u00e9rifier\u00a0\u00bb, a d\u00e9clar\u00e9 la ministre des Arm\u00e9es Florence Parly, interpell\u00e9e mardi apr\u00e8s-midi \u00e0 l\u2019Assembl\u00e9e nationale sur ces munitions fabriqu\u00e9es par une filiale du groupe Nexter et leur possible d\u00e9part pour le Golfe: \u00ab\u00a0Et quand bien m\u00eame ce serait le cas, cela serait-il \u00e9tonnant? Non, car nous avons un partenariat avec l\u2019Arabie Saoudite\u00a0\u00bb a-t-elle poursuivi dans une ambiance houleuse, interrompue par un \u00ab\u00a0vous mentez !\u00a0\u00bb de Fran\u00e7ois Ruffin, d\u00e9put\u00e9 de La France Insoumise (gauche radicale).<\/p>\n<p>Dans un communiqu\u00e9, Amnesty International a appel\u00e9 mardi la France \u00e0 bloquer le d\u00e9part de ce \u00ab\u00a0bateau de la honte\u00a0\u00bb pour l\u2019Arabie saoudite, son chargement pouvant servir pour des \u00ab\u00a0crimes de guerre\u00a0\u00bb commis par les forces arm\u00e9es saoudiennes au Y\u00e9men. Dans ce texte, l\u2019ONG affirme que le Bahri Tabuk serait arriv\u00e9 \u00e0 Fos-sur-Mer avec des v\u00e9hicules blind\u00e9s canadiens \u00e0 bord. Il y a des \u00ab\u00a0raisons l\u00e9gitimes\u00a0\u00bb de penser que des munitions fran\u00e7aises vont aussi \u00eatre charg\u00e9es, poursuit Amnesty.<\/p>\n<p>Cette nouvelle livraison, si elle est confirm\u00e9e, relance le d\u00e9bat sur les ventes d\u2019armes fran\u00e7aises \u00e0 l\u2019Arabie saoudite, \u00e0 la t\u00eate d\u2019une coalition qui intervient depuis 2015 au Y\u00e9men contre les rebelles houthis soutenus par l\u2019Iran. Cette \u00ab\u00a0sale guerre\u00a0\u00bb, selon la formule m\u00eame des autorit\u00e9s fran\u00e7aises, a fait depuis 2015 des dizaines de milliers de morts et a entra\u00een\u00e9 l\u2019une des pires crises humanitaires au monde, selon l\u2019ONU.<\/p>\n<p>\u00ab\u00a0Oui c\u2019est une sale guerre, oui il faut l\u2019arr\u00eater, oui il faut que les Saoudiens et les Emiriens arr\u00eatent, oui il faut \u00eatre extr\u00eamement vigilant sur les ventes d\u2019armes \u00e0 l\u2019\u00e9gard de ces pays. C\u2019est ce que nous faisons\u00a0\u00bb, a d\u00e9clar\u00e9 mardi sur France Inter le ministre des Affaires \u00e9trang\u00e8res, Jean-Yves Le Drian. \u00ab\u00a0Nous respectons scrupuleusement\u00a0\u00bb le trait\u00e9 sur le commerce des armes, a-t-il assur\u00e9.<\/p>\n<p>Le port de Marseille-Fos \u00ab\u00a0ne servira pas \u00e0 charger des armes ou des munitions\u00a0\u00bb, a pour sa part assur\u00e9 \u00e0 l\u2019AFP Laurent Pastor, un responsable syndical des dockers, promettant que le chargement serait \u00ab\u00a0v\u00e9rifi\u00e9\u00a0\u00bb. Selon M. Pastor, le chargement du Bahri Tabuk a \u00e9t\u00e9 pr\u00e9sent\u00e9 comme du \u00ab\u00a0mat\u00e9riel civil pour un projet li\u00e9 \u00e0 l\u2019\u00e9nergie\u00a0\u00bb.<\/p>\n<p>L\u2019ACAT (Action des chr\u00e9tiens pour l\u2019abolition de la torture) France a indiqu\u00e9 avoir d\u00e9pos\u00e9 mardi apr\u00e8s-midi un r\u00e9f\u00e9r\u00e9-libert\u00e9 contre l\u2019autorisation de charger des armes qui aurait \u00e9t\u00e9 d\u00e9livr\u00e9e au cargo Bahri Tabuk par la Direction g\u00e9n\u00e9rale des douanes et droits indirects (DGDDI). Cette association avait d\u00e9j\u00e0 d\u00e9pos\u00e9 un recours contre le chargement du Bahri Yanbu au Havre, mais celui-ci avait \u00e9t\u00e9 rejet\u00e9 le 10 mai.<\/p>\n<p>burs-ol\/mdm\/lpt<\/p>\n<\/div>\n<p>Auteur: AFP<br \/>\n<a href=\"https:\/\/www.journalducameroun.com\/les-livraisons-darmes-francaises-a-larabie-saoudite-a-nouveau-sur-le-tapis\/\">Cliquez ici pour lire l&rsquo;article depuis sa source.<\/a><\/p>\n","protected":false},"excerpt":{"rendered":"<p>Publi\u00e9 le 28.05.2019 \u00e0 19h50 par AFP Entr\u00e9 au port de Marseille-Fos mardi, le cargo Bahri Tabuk doit y charger des munitions de canons fran\u00e7ais \u00e0 destination de l\u2019Arabie saoudite, accuse le m\u00e9dia ind\u00e9pendant Disclose, des affirmations vivement d\u00e9menties par l\u2019armateur du navire. Selon Disclose, ce cargo saoudien doit prendre livraison de munitions pour les [&hellip;]<\/p>\n","protected":false},"author":1965,"featured_media":0,"comment_status":"closed","ping_status":"closed","sticky":false,"template":"","format":"standard","meta":{"fifu_image_url":"","fifu_image_alt":"","footnotes":""},"categories":[73,82],"tags":[],"class_list":["post-37296","post","type-post","status-publish","format-standard","hentry","category-actualite","category-cameroun"],"_links":{"self":[{"href":"https:\/\/linitiative.ca\/International\/wp-json\/wp\/v2\/posts\/37296","targetHints":{"allow":["GET"]}}],"collection":[{"href":"https:\/\/linitiative.ca\/International\/wp-json\/wp\/v2\/posts"}],"about":[{"href":"https:\/\/linitiative.ca\/International\/wp-json\/wp\/v2\/types\/post"}],"author":[{"embeddable":true,"href":"https:\/\/linitiative.ca\/International\/wp-json\/wp\/v2\/users\/1965"}],"replies":[{"embeddable":true,"href":"https:\/\/linitiative.ca\/International\/wp-json\/wp\/v2\/comments?post=37296"}],"version-history":[{"count":0,"href":"https:\/\/linitiative.ca\/International\/wp-json\/wp\/v2\/posts\/37296\/revisions"}],"wp:attachment":[{"href":"https:\/\/linitiative.ca\/International\/wp-json\/wp\/v2\/media?parent=37296"}],"wp:term":[{"taxonomy":"category","embeddable":true,"href":"https:\/\/linitiative.ca\/International\/wp-json\/wp\/v2\/categories?post=37296"},{"taxonomy":"post_tag","embeddable":true,"href":"https:\/\/linitiative.ca\/International\/wp-json\/wp\/v2\/tags?post=37296"}],"curies":[{"name":"wp","href":"https:\/\/api.w.org\/{rel}","templated":true}]}}