{"id":37300,"date":"2019-05-28T16:50:02","date_gmt":"2019-05-28T20:50:02","guid":{"rendered":"https:\/\/linitiative.ca\/International\/maree-verte-les-argentines-a-nouveau-mobilisees-pour-le-droit-a-livg\/"},"modified":"2019-05-28T16:50:02","modified_gmt":"2019-05-28T20:50:02","slug":"maree-verte-les-argentines-a-nouveau-mobilisees-pour-le-droit-a-livg","status":"publish","type":"post","link":"https:\/\/linitiative.ca\/International\/maree-verte-les-argentines-a-nouveau-mobilisees-pour-le-droit-a-livg\/","title":{"rendered":"Mar\u00e9e verte : les Argentines \u00e0 nouveau mobilis\u00e9es pour le droit \u00e0 l\u2019IVG"},"content":{"rendered":"<div readability=\"32\">\n<p>Publi\u00e9 le 28.05.2019 \u00e0 21h50 par AFP<\/p>\n<\/div>\n<div readability=\"151\">\n<p>La l\u00e9galisation de l\u2019IVG en Argentine a \u00e9chou\u00e9 de justesse en 2018, mais les militantes argentines n\u2019ont pas renonc\u00e9 pour autant: une nouvelle proposition de loi est d\u00e9pos\u00e9e mardi au Parlement.<\/p>\n<p>\u00ab\u00a0Il ne s\u2019agit pas seulement de reprendre l\u2019offensive pour le droit \u00e0 l\u2019avortement, il s\u2019agit de faire pression pour que chaque candidat se prononce clairement\u00a0\u00bb, plaide Victoria Tesoriero, dirigeante de la \u00ab\u00a0Campagne pour le droit \u00e0 l\u2019avortement\u00a0\u00bb.<\/p>\n<p>Outre l\u2019\u00e9lection du pr\u00e9sident le 27 octobre prochain, les Argentins renouvelleront une partie de la Chambre des d\u00e9put\u00e9s et du S\u00e9nat.<\/p>\n<p>Mardi, plusieurs heures avant le d\u00e9p\u00f4t du texte vers 17H30 (20H30 GMT), des milliers de jeunes femmes brandissant des foulards verts, signe de ralliement \u00e0 la cause pro-IVG, se sont mobilis\u00e9es devant le Congr\u00e8s, o\u00f9 sera examin\u00e9e la proposition pr\u00e9sent\u00e9e par 15 d\u00e9put\u00e9s des principaux partis politiques.<\/p>\n<p>\u00ab\u00a0On ne doit pas baisser la garde, la lutte continue\u00a0\u00bb, lance Natalia Eraza, une infirmi\u00e8re de 28 ans.<\/p>\n<p>\u00ab\u00a0Avoir un enfant d\u00e9sir\u00e9, pourquoi ? Nous sommes au XXe si\u00e8cle. Une femme devrait avoir le droit de d\u00e9cider\u00a0\u00bb, estime Gisela Parodi, une fonctionnaire de 33 ans.<\/p>\n<p>En 2018, un mouvement d\u2019une ampleur in\u00e9dite port\u00e9 par des organisations f\u00e9ministes a suscit\u00e9 un d\u00e9bat passionn\u00e9 en Argentine, le pays du pape Fran\u00e7ois. La proposition de loi a \u00e9t\u00e9 approuv\u00e9e par les d\u00e9put\u00e9s, mais rejet\u00e9e par les s\u00e9nateurs, plus conservateurs, sous l\u2019influence de l\u2019Eglise.<\/p>\n<p>\u2013 Foulard vert ou bleu \u2013<\/p>\n<p>C\u2019\u00e9tait la premi\u00e8re fois qu\u2019un d\u00e9bat parlementaire sur le sujet avait lieu en Argentine, \u00e0 l\u2019initiative du pr\u00e9sident de centre-droit Mauricio Macri, qui ne milite pas pour autant pour la cause.<\/p>\n<p>Avant lui, les pr\u00e9sidents de gauche Nestor Kirchner puis Cristina Kirchner avaient bloqu\u00e9 tout d\u00e9bat parlementaire sur l\u2019avortement, l\u00e9galisant cependant le mariage homosexuel.<\/p>\n<p>En r\u00e9action au foulard vert des pro-IVG, les anti-avortement ont cr\u00e9\u00e9 un foulard bleu ciel avec comme slogan \u00ab\u00a0La d\u00e9fense des deux vies\u00a0\u00bb, celle de la m\u00e8re et celle du f\u0153tus. L\u2019\u00c9glise a mis tout son poids dans la bataille pour mettre en \u00e9chec la proposition de loi.<\/p>\n<p>Mardi, dans un coin de la place du Congr\u00e8s des opposants \u00e0 l\u2019IVG peinaient \u00e0 se faire entendre. \u00ab\u00a0Tous les enfants ont le droit de vivre, ceux qui sont programm\u00e9s et ceux qui ne le sont pas. La vie, c\u2019est d\u00e8s la conception\u00a0\u00bb, mart\u00e8le Nelida Rodriguez, par\u00e9e d\u2019un foulard bleu ciel.<\/p>\n<p>A quelques m\u00e8tres de l\u00e0, un groupe de femmes v\u00eatues de vert et arborant l\u2019embl\u00e9matique foulard chantent : \u00ab\u00a0Ceux qui disent vouloir sauver les deux vies sont ceux qui couvrent les cur\u00e9s p\u00e9dophiles\u00a0\u00bb.<\/p>\n<p>La loi actuellement en vigueur autorise l\u2019avortement dans des cas sp\u00e9cifiques de viol, de risques pour la sant\u00e9 de la m\u00e8re, mais dans les faits, des provinces ou des m\u00e9decins s\u2019y opposent, et des fillettes de 10 ou 11 ans se heurtent \u00e0 un refus des autorit\u00e9s de pratiquer un avortement.<\/p>\n<p>On estime qu\u2019une centaine de femmes meurent chaque ann\u00e9e \u00e0 la suite d\u2019avortements pratiqu\u00e9s dans de mauvaises conditions sanitaires.<\/p>\n<p>\u2013 Amnesty d\u00e9nonce \u2013<\/p>\n<p>\u00ab\u00a0C\u2019est une nouvelle opportunit\u00e9 pour l\u2019Etat argentin de garantir l\u2019exercice des droits humains des femmes (\u2026). Les avortements continuent d\u2019\u00eatre pratiqu\u00e9s dans des conditions d\u00e9plorables et des femmes meurent dans des conditions de clandestinit\u00e9\u00a0\u00bb, d\u00e9nonce Amnesty International.<\/p>\n<p>Le foulard vert a encore gagn\u00e9 en visibilit\u00e9 la semaine derni\u00e8re quand le documentaire \u00ab\u00a0Que sea ley\u00a0\u00bb (Une loi vite) de l\u2019Argentin Juan Solanas a \u00e9t\u00e9 pr\u00e9sent\u00e9 au Festival de Cannes. Le cin\u00e9aste espagnol Pedro Almodovar et l\u2019actrice Penelope Cruz ont apport\u00e9 leur soutien au mouvement en arborant un foulard vert.<\/p>\n<p>L\u00e9galis\u00e9 en Russie voici un si\u00e8cle, au Royaume-Uni en 1967 et en Irlande l\u2019an dernier, l\u2019avortement est aujourd\u2019hui remis en cause dans certains pays occidentaux, comme r\u00e9cemment aux Etats-Unis dans des Etats conservateurs.<\/p>\n<p>Un collectif fran\u00e7ais, \u00ab\u00a0Avortement en Europe, les femmes d\u00e9cident!\u00a0\u00bb, plaident pour l\u2019inscription du droit \u00e0 l\u2019avortement comme un \u00ab\u00a0droit fondamental\u00a0\u00bb europ\u00e9en.<\/p>\n<p>Le pape Fran\u00e7ois a rappel\u00e9 l\u2019opposition historique de l\u2019Eglise catholique en comparant l\u2019IVG \u00e0 une crime. \u00ab\u00a0Est-il licite d\u2019\u00e9liminer une vie humaine pour r\u00e9soudre un probl\u00e8me ? Est-il licite d\u2019embaucher un tueur \u00e0 gages pour r\u00e9soudre un probl\u00e8me?\u00a0\u00bb a-t-il d\u00e9clar\u00e9 samedi au Vatican.<\/p>\n<\/div>\n<p>Auteur: AFP<br \/>\n<a href=\"https:\/\/www.journalducameroun.com\/maree-verte-les-argentines-a-nouveau-mobilisees-pour-le-droit-a-livg\/\">Cliquez ici pour lire l&rsquo;article depuis sa source.<\/a><\/p>\n","protected":false},"excerpt":{"rendered":"<p>Publi\u00e9 le 28.05.2019 \u00e0 21h50 par AFP La l\u00e9galisation de l\u2019IVG en Argentine a \u00e9chou\u00e9 de justesse en 2018, mais les militantes argentines n\u2019ont pas renonc\u00e9 pour autant: une nouvelle proposition de loi est d\u00e9pos\u00e9e mardi au Parlement. \u00ab\u00a0Il ne s\u2019agit pas seulement de reprendre l\u2019offensive pour le droit \u00e0 l\u2019avortement, il s\u2019agit de faire [&hellip;]<\/p>\n","protected":false},"author":1965,"featured_media":0,"comment_status":"closed","ping_status":"closed","sticky":false,"template":"","format":"standard","meta":{"fifu_image_url":"","fifu_image_alt":"","footnotes":""},"categories":[73,82],"tags":[],"class_list":["post-37300","post","type-post","status-publish","format-standard","hentry","category-actualite","category-cameroun"],"_links":{"self":[{"href":"https:\/\/linitiative.ca\/International\/wp-json\/wp\/v2\/posts\/37300","targetHints":{"allow":["GET"]}}],"collection":[{"href":"https:\/\/linitiative.ca\/International\/wp-json\/wp\/v2\/posts"}],"about":[{"href":"https:\/\/linitiative.ca\/International\/wp-json\/wp\/v2\/types\/post"}],"author":[{"embeddable":true,"href":"https:\/\/linitiative.ca\/International\/wp-json\/wp\/v2\/users\/1965"}],"replies":[{"embeddable":true,"href":"https:\/\/linitiative.ca\/International\/wp-json\/wp\/v2\/comments?post=37300"}],"version-history":[{"count":0,"href":"https:\/\/linitiative.ca\/International\/wp-json\/wp\/v2\/posts\/37300\/revisions"}],"wp:attachment":[{"href":"https:\/\/linitiative.ca\/International\/wp-json\/wp\/v2\/media?parent=37300"}],"wp:term":[{"taxonomy":"category","embeddable":true,"href":"https:\/\/linitiative.ca\/International\/wp-json\/wp\/v2\/categories?post=37300"},{"taxonomy":"post_tag","embeddable":true,"href":"https:\/\/linitiative.ca\/International\/wp-json\/wp\/v2\/tags?post=37300"}],"curies":[{"name":"wp","href":"https:\/\/api.w.org\/{rel}","templated":true}]}}