{"id":37301,"date":"2019-05-28T16:50:05","date_gmt":"2019-05-28T20:50:05","guid":{"rendered":"https:\/\/linitiative.ca\/International\/pluiee-en-cote-divoire-3-morts-et-une-disparue-a-abidjan\/"},"modified":"2019-05-28T16:50:05","modified_gmt":"2019-05-28T20:50:05","slug":"pluiee-en-cote-divoire-3-morts-et-une-disparue-a-abidjan","status":"publish","type":"post","link":"https:\/\/linitiative.ca\/International\/pluiee-en-cote-divoire-3-morts-et-une-disparue-a-abidjan\/","title":{"rendered":"Pluiee en C\u00f4te d\u2019Ivoire: 3 morts et une disparue \u00e0 Abidjan"},"content":{"rendered":"<div readability=\"32\">\n<p>Publi\u00e9 le 28.05.2019 \u00e0 21h50 par AFP<\/p>\n<\/div>\n<div readability=\"68\">\n<p>Trois personnes, dont un b\u00e9b\u00e9, sont mortes lundi \u00e0 Yopougon, grand quartier populaire d\u2019Abidjan, lors d\u2019un glissement de terrain provoqu\u00e9e par les premi\u00e8res fortes pr\u00e9cipitations de la saison des pluies et une \u00e9coli\u00e8re est port\u00e9e disparue, a annonc\u00e9 mardi \u00e0 l\u2019AFP le pr\u00e9fet Vincent Toh Bi.<\/p>\n<p>\u00ab\u00a0Un glissement de terrain sur le flanc d\u2019une cuvette a emport\u00e9 un paquet de maisons pr\u00e9caires. Trois personnes ont \u00e9t\u00e9 ensevelies, le corps de la m\u00e8re de 23 ans et de la grand-m\u00e8re ont \u00e9t\u00e9 retrouv\u00e9s. Les pompiers s\u2019activent \u00e0 retrouver le corps du b\u00e9b\u00e9 de 2 semaines\u00a0\u00bb.<\/p>\n<p>\u00ab\u00a0Il nous revient que les eaux de ruissellement ont \u00e9galement emport\u00e9 une petite \u00e9coli\u00e8re de 10 ans. Le corps est encore recherch\u00e9\u00a0\u00bb, a ajout\u00e9 le pr\u00e9fet sur sa page Facebook.<\/p>\n<p>L\u2019ann\u00e9e derni\u00e8re, la saison des pluies (mai \u00e0 juillet) s\u2019\u00e9tait sold\u00e9e par 18 morts et des centaines de familles sinistr\u00e9es.<\/p>\n<p>S\u2019attirant souvent les foudres des populations, le gouvernement proc\u00e8de r\u00e9guli\u00e8rement \u00e0 la destruction de \u00ab\u00a0quartiers\u00a0\u00bb dans des zones inondables ou dangereuses.<\/p>\n<p>Les trois personnes tu\u00e9es lundi \u00e9taient \u00ab\u00a0\u00e0 Yopougon MICAO et la zone est un bassin de forage non habitable (\u2026) nous pr\u00e9sentons nos condol\u00e9ances et voudrons encore une fois demander aux populations d\u2019Abidjan r\u00e9sidant dans les zones class\u00e9es \u00e0 risques de quitter ces lieux\u00a0\u00bb, a rappel\u00e9 le pr\u00e9fet.<\/p>\n<p>Abidjan compte 5 millions d\u2019habitants dont une grande partie vivent dans des conditions pr\u00e9caires s\u2019installant et construisant des maison l\u00e0 o\u00f9 ils trouvent de la place, souvent dans des zones inconstructibles.<\/p>\n<\/div>\n<p>Auteur: AFP<br \/>\n<a href=\"https:\/\/www.journalducameroun.com\/pluiee-en-cote-divoire-3-morts-et-une-disparue-a-abidjan\/\">Cliquez ici pour lire l&rsquo;article depuis sa source.<\/a><\/p>\n","protected":false},"excerpt":{"rendered":"<p>Publi\u00e9 le 28.05.2019 \u00e0 21h50 par AFP Trois personnes, dont un b\u00e9b\u00e9, sont mortes lundi \u00e0 Yopougon, grand quartier populaire d\u2019Abidjan, lors d\u2019un glissement de terrain provoqu\u00e9e par les premi\u00e8res fortes pr\u00e9cipitations de la saison des pluies et une \u00e9coli\u00e8re est port\u00e9e disparue, a annonc\u00e9 mardi \u00e0 l\u2019AFP le pr\u00e9fet Vincent Toh Bi. \u00ab\u00a0Un glissement [&hellip;]<\/p>\n","protected":false},"author":1965,"featured_media":0,"comment_status":"closed","ping_status":"closed","sticky":false,"template":"","format":"standard","meta":{"fifu_image_url":"","fifu_image_alt":"","footnotes":""},"categories":[73,82],"tags":[],"class_list":["post-37301","post","type-post","status-publish","format-standard","hentry","category-actualite","category-cameroun"],"_links":{"self":[{"href":"https:\/\/linitiative.ca\/International\/wp-json\/wp\/v2\/posts\/37301","targetHints":{"allow":["GET"]}}],"collection":[{"href":"https:\/\/linitiative.ca\/International\/wp-json\/wp\/v2\/posts"}],"about":[{"href":"https:\/\/linitiative.ca\/International\/wp-json\/wp\/v2\/types\/post"}],"author":[{"embeddable":true,"href":"https:\/\/linitiative.ca\/International\/wp-json\/wp\/v2\/users\/1965"}],"replies":[{"embeddable":true,"href":"https:\/\/linitiative.ca\/International\/wp-json\/wp\/v2\/comments?post=37301"}],"version-history":[{"count":0,"href":"https:\/\/linitiative.ca\/International\/wp-json\/wp\/v2\/posts\/37301\/revisions"}],"wp:attachment":[{"href":"https:\/\/linitiative.ca\/International\/wp-json\/wp\/v2\/media?parent=37301"}],"wp:term":[{"taxonomy":"category","embeddable":true,"href":"https:\/\/linitiative.ca\/International\/wp-json\/wp\/v2\/categories?post=37301"},{"taxonomy":"post_tag","embeddable":true,"href":"https:\/\/linitiative.ca\/International\/wp-json\/wp\/v2\/tags?post=37301"}],"curies":[{"name":"wp","href":"https:\/\/api.w.org\/{rel}","templated":true}]}}